{"id":1515,"date":"2017-05-20T13:26:31","date_gmt":"2017-05-20T13:26:31","guid":{"rendered":"http:\/\/eksensaglik.com\/?p=1515"},"modified":"2023-06-24T06:41:46","modified_gmt":"2023-06-24T06:41:46","slug":"yatili-fizik-tedavi-merkezi","status":"publish","type":"post","link":"https:\/\/eksensaglik.com\/sq\/yatili-fizik-tedavi-merkezi\/","title":{"rendered":"Yat\u0131l\u0131 Fizik Tedavi Merkezi \u0130stanbul Anadolu Yakas\u0131"},"content":{"rendered":"<h2 style=\"text-align: justify;\">Yat\u0131l\u0131 Fizik Tedavi Merkezi<\/h2>\n<p><iframe title=\"Yat\u0131l\u0131 Fizik Tedavi ve Rehabilitasyon Neden \u00d6nemli? - Fzt. Merve G\u00d6K\u00c7\u0130L - EKSEN SA\u011eLIK\" width=\"525\" height=\"295\" src=\"https:\/\/www.youtube.com\/embed\/t4_9z5bmotQ?feature=oembed\" frameborder=\"0\" allow=\"accelerometer; autoplay; clipboard-write; encrypted-media; gyroscope; picture-in-picture; web-share\" referrerpolicy=\"strict-origin-when-cross-origin\" allowfullscreen><\/iframe><\/p>\n<p style=\"text-align: justify;\"><strong><a href=\"https:\/\/eksensaglik.com\/sq\/yatarak-fizik-tedavi-ve-rehabilitasyon-hizmeti\/\">Yat\u0131l\u0131 fizik tedavi<\/a> merkezi\u00a0<\/strong>\u2019nin ne oldu\u011funu anlatmadan \u00f6nce neden bir hastan\u0131n fizik tedavi g\u00f6rmesi gerekti\u011fi \u00fczerinde dural\u0131m.<\/p>\n<p style=\"text-align: justify;\">Fel\u00e7 (\u0130nme) ge\u00e7irmi\u015f, <strong>kal\u00e7a <a href=\"https:\/\/eksensaglik.com\/sq\/kalca-protezi-amaliyati-sonrasi-fizik-tedavi\/\">protez<\/a> ameliyat\u0131<\/strong> olmu\u015f, <strong>diz <a href=\"https:\/\/eksensaglik.com\/sq\/kalca-protezi-amaliyati-sonrasi-fizik-tedavi\/\">protez<\/a> ameliyat<\/strong> sonras\u0131 veya trafik kazas\u0131 sonucu hasar meydana gelmi\u015f, <strong><a href=\"https:\/\/eksensaglik.com\/sq\/hizmetlerimiz\/parkinson-tedavisi\/\">parkinson<\/a><\/strong> veya <strong>multiple skleroz (ms)<\/strong> gibi hastal\u0131klara yakalanm\u0131\u015f hastalar\u0131n mutlaka bir fizik tedavi merkezinde tedavi olmas\u0131 gerekir.<\/p>\n<p style=\"text-align: justify;\">Zira fel\u00e7 (<a href=\"https:\/\/eksensaglik.com\/sq\/hizmetlerimiz\/felc-inme-hemipleji-tedavisi\/\">inme<\/a>), gibi yukar\u0131da say\u0131lan hastal\u0131klar\u0131n sonras\u0131nda kaslar, tendonlar ve eklemlerde zay\u0131flamalar meydana gelmi\u015ftir.<\/p>\n<p style=\"text-align: justify;\">Bunlar\u0131n g\u00fc\u00e7lendirilmesi, hastan\u0131n ileriki ya\u015fam\u0131nda daha konforlu bir hayat ge\u00e7irmesi i\u00e7in \u00e7ok \u00f6nemlidir. Bu da elbette bir fizik tedavi ve rehabilitasyon merkezinde m\u00fcmk\u00fcn olacakt\u0131r.<\/p>\n<figure id=\"attachment_1519\" aria-describedby=\"caption-attachment-1519\" style=\"width: 150px\" class=\"wp-caption alignleft\"><img decoding=\"async\" class=\"wp-image-1519 size-thumbnail\" src=\"http:\/\/eksensaglik.com\/wp-content\/uploads\/2017\/05\/Eksen-saglik-yatili-fizik-tedavi-merkezi-1-150x150.jpg\" alt=\"\" width=\"150\" height=\"150\" title=\"\"><figcaption id=\"caption-attachment-1519\" class=\"wp-caption-text\"><a href=\"https:\/\/eksensaglik.com\/sq\/yatarak-fizik-tedavi-ve-rehabilitasyon-hizmeti\/\">Yat\u0131l\u0131 fizik tedavi<\/a> merkezi<\/figcaption><\/figure>\n<h3 style=\"text-align: justify;\">Fizik Tedavi ve Rehabilitasyon S\u00fcreci Nas\u0131l Olur?<\/h3>\n<p style=\"text-align: justify;\">\u00d6ncelikle fel\u00e7 (<a href=\"https:\/\/eksensaglik.com\/sq\/hizmetlerimiz\/felc-inme-hemipleji-tedavisi\/\">inme<\/a>) ge\u00e7irmi\u015f veya <strong>kal\u00e7a <a href=\"https:\/\/eksensaglik.com\/sq\/kalca-protezi-amaliyati-sonrasi-fizik-tedavi\/\">protez<\/a> ameliyat\u0131<\/strong> olmu\u015f bir hastan\u0131n tedavi g\u00f6rece\u011fi <strong>fizik tedavi ve rehabilitasyon merkezi<\/strong> iyi se\u00e7ilmelidir.<\/p>\n<p style=\"text-align: justify;\">Se\u00e7ilen merkezin <a href=\"https:\/\/eksensaglik.com\/sq\/yatarak-fizik-tedavi-ve-rehabilitasyon-hizmeti\/\">yat\u0131l\u0131 fizik tedavi<\/a> merkezi olmas\u0131 \u00f6nemlidir. Zira yo\u011fun bir fizik tedavi program\u0131 uygulanmas\u0131 gerekir.<\/p>\n<p style=\"text-align: justify;\">Hasta f<strong>izik tedavi merkezinde yat\u0131l\u0131<\/strong> olarak kalacak ve g\u00fcnl\u00fck belirtilen (bir, iki veya daha fazla) fizik tedavi seanslar\u0131na kat\u0131lacak ve iyile\u015fme s\u00fcrecinin h\u0131zlanmas\u0131 sa\u011flanacak.<\/p>\n<p style=\"text-align: justify;\"><strong>\u0130stanbul anadolu yakas\u0131 Ata\u015fehir<\/strong>\u2019de bulunan Eksen Sa\u011fl\u0131k, Fizik Tedavi ve Rehabilitasyon Merkezimiz\u2019de <strong><a href=\"https:\/\/eksensaglik.com\/sq\/yatarak-fizik-tedavi-ve-rehabilitasyon-hizmeti\/\">yat\u0131l\u0131 fizik tedavi<\/a><\/strong> hizmeti verilmektedir.<\/p>\n<p style=\"text-align: justify;\">Bu hizmetin nas\u0131l oldu\u011fu ile alakal\u0131 ak\u0131llara sorular gelebilir.<\/p>\n<p style=\"text-align: justify;\">Mesela g\u00fcnde ka\u00e7 seans uygulan\u0131yor?<\/p>\n<p style=\"text-align: justify;\"><strong><a href=\"https:\/\/eksensaglik.com\/sq\/yatarak-fizik-tedavi-ve-rehabilitasyon-hizmeti\/\">Yat\u0131l\u0131 fizik tedavi<\/a> ve rehabilitasyon<\/strong> seans \u00fccretleri (fiyatlar\u0131) nedir?<\/p>\n<p style=\"text-align: justify;\"><strong>SGK ile anla\u015fma<\/strong> var m\u0131d\u0131r?<\/p>\n<p><iframe title=\"Yat\u0131l\u0131 Fizik Tedavi - Eksen Sa\u011fl\u0131k Bak\u0131m Fizik Tedavi ve Rehabilitasyon Merkezi\" width=\"525\" height=\"295\" src=\"https:\/\/www.youtube.com\/embed\/c-81iv1n-j8?feature=oembed\" frameborder=\"0\" allow=\"accelerometer; autoplay; clipboard-write; encrypted-media; gyroscope; picture-in-picture; web-share\" referrerpolicy=\"strict-origin-when-cross-origin\" allowfullscreen><\/iframe><\/p>\n<p>Videonun Youtube linki i\u00e7in <a href=\"https:\/\/www.youtube.com\/watch?v=c-81iv1n-j8\" target=\"_blank\" rel=\"noopener\">t\u0131klay\u0131n<\/a><\/p>\n<h3 style=\"text-align: justify;\">G\u00fcnde ka\u00e7 seans Fizik Tedavi uygulan\u0131yor?<\/h3>\n<p style=\"text-align: justify;\">Para s\u00eb gjithash, seancat ditore aplikohen posa\u00e7\u00ebrisht p\u00ebr pacient\u00ebt pas ekzaminimit nga mjeku yn\u00eb.<\/p>\n<p style=\"text-align: justify;\" class=\"translation-block\">Para s\u00eb gjithash, seancat ditore aplikohen posa\u00e7\u00ebrisht p\u00ebr pacient\u00ebt pas ekzaminimit nga mjeku yn\u00eb.  Prandaj, pacienti q\u00eb duhet t\u00eb marr\u00eb <strong>fizioterapi stacionare<\/strong> s\u00eb pari ekzaminohet nga nj\u00eb mjek dhe zbatohet nj\u00eb program <strong>terapie fizike dhe rehabilitimi<\/strong> n\u00eb shoq\u00ebri me fizioterapist\u00ebt.<\/p>\n<h3>Seans \u00fccretleri (fiyatlar\u0131) nedir?<\/h3>\n<p style=\"text-align: justify;\"><a href=\"https:\/\/eksensaglik.com\/sq\/yatarak-fizik-tedavi-ve-rehabilitasyon-hizmeti\/\">Yat\u0131l\u0131 fizik tedavi<\/a> ve rehabilitasyon seans \u00fccretleri hastan\u0131n kurumumuzda ald\u0131\u011f\u0131 seans ve bak\u0131m hizmetine g\u00f6re de\u011fi\u015fmektedir.<\/p>\n<p style=\"text-align: justify;\">Kurumumuzda odalar\u0131m\u0131z tek yatakl\u0131, \u00e7ift, \u00fc\u00e7 ve d\u00f6rt yatakl\u0131 olarak de\u011fi\u015fmektedir. T\u00fcm odalar\u0131m\u0131z otel konforundad\u0131r. Standart olarak t\u00fcm odalar\u0131m\u0131zda televizyon, klima, \u0131s\u0131tma, elbise dolab\u0131, mini buzdolab\u0131 gibi bulunmas\u0131 elzem olan malzemeler bulunmaktad\u0131r.\u00a0 Oda fiyatlar\u0131n\u0131 bizimle <a href=\"http:\/\/eksensaglik.com\/sq\/iletisim\/\" target=\"_blank\" rel=\"noopener noreferrer\">ileti\u015fim<\/a> kurarak alabilirsiniz.<\/p>\n<p style=\"text-align: justify;\">Kurumumuzun \u015fartlar\u0131n\u0131 daha yak\u0131ndan tan\u0131mak i\u00e7in merkezimizi ziyaret etmenizi ve yerinde g\u00f6rmenizi tavsiye ederiz. Veya sitemiz \u00fczerinden sanal olarak \u0130stanbul Anadolu Yakas\u0131 Ata\u015fehir&#8217;de bulunan merkezimiz ile alakal\u0131 resim ve 3D <a href=\"http:\/\/eksensaglik.com\/sq\/fotograf-galerisi\/\" target=\"_blank\" rel=\"noopener noreferrer\">P\u00ebr kushtet e institucionit ton\u00eb mund t\u00eb vizitoni Galerin\u00eb.<\/a>.<\/p>\n<p>Ayr\u0131ca kurumumuzun yapt\u0131\u011f\u0131 \u00e7al\u0131\u015fmalarla alakal\u0131 <a href=\"http:\/\/eksensaglik.com\/sq\/video-galerisi\/\">video galerimize<\/a> g\u00f6z atabilirsiniz.<\/p>\n<p>Kurumumuzda yatan hastalar\u0131n fizik tedavi ve rehabilitasyon sonucu sa\u011fl\u0131klar\u0131na kavu\u015farak taburcu etti\u011fimiz ve hastalar\u0131m\u0131z\u0131n verdi\u011fi r\u00f6portajlar\u0131 da yine <a href=\"http:\/\/eksensaglik.com\/sq\/video-galerisi\/\">video galeriden<\/a> izleyebilirsiniz.<\/p>\n<p style=\"text-align: justify;\" class=\"translation-block\"><strong>Qendra jon\u00eb e terapis\u00eb fizike dhe rehabilitimit me konvikt Eksen<\/strong> nuk ka nj\u00eb marr\u00ebveshje me SGK.<\/p>\n<p style=\"text-align: justify;\" class=\"translation-block\">Mund t\u00eb na telefononi gjithashtu <a href=\"http:\/\/eksensaglik.com\/sq\/iletisim\/\" target=\"_blank\" rel=\"noopener noreferrer\"> p\u00ebr tarifat<\/a>.<\/p>\n<h3>Rutin hizmetlerimiz<\/h3>\n<p>\u00d6zellikle pandemi korona vir\u00fcs s\u00fcrecinde gerek <a href=\"https:\/\/eksensaglik.com\/sq\/yatarak-fizik-tedavi-ve-rehabilitasyon-hizmeti\/\">yat\u0131l\u0131 fizik tedavi<\/a> merkezimizde yatan hastalar\u0131n gerekse onlar\u0131 ziyarete gelen\u00a0 ziyaret\u00e7ilerinin sa\u011fl\u0131klar\u0131n\u0131 korumak i\u00e7in s\u00fcrekli b\u00fcnyemizde bulunan doktorlar\u0131n kontrol\u00fcnde tedbirler al\u0131nmakta ve hastalar\u0131m\u0131z\u0131n Covid-19&#8217;a yakalanmamalar\u0131 i\u00e7in azami gayret g\u00f6sterilmektedir. Hastalar\u0131m\u0131z\u0131n fizik tedavi ve rehabilitasyon s\u00fcrecini ba\u015far\u0131yla y\u00fcr\u00fctt\u00fc\u011f\u00fcm\u00fcz gibi d\u0131\u015f etkenlerle olu\u015fabilecek olumsuzluklara kar\u015f\u0131 da m\u00fcmk\u00fcn oldu\u011funca tedbirlerimizi almaktay\u0131z.<\/p>\n<p>Ayr\u0131ca <a href=\"https:\/\/eksensaglik.com\/sq\/yatarak-fizik-tedavi-ve-rehabilitasyon-hizmeti\/\">yat\u0131l\u0131 fizik tedavi<\/a> merkezimizde yatan hastalar\u0131m\u0131z\u0131n sosyalle\u015fmeleri ad\u0131na merkezimizin bah\u00e7esinde ye\u015fillikler aras\u0131nda zaman zaman kayna\u015fmalar ve zaman zaman ekiplerimizin de organizasyonlar\u0131yla programlar tertip edilmekte ve moral ve motivasyon a\u00e7\u0131s\u0131ndan da geli\u015fimleri Sa\u011flanmaktad\u0131r.<\/p>\n<p>Malum oldu\u011fu \u00fczere \u00f6zellikle fel\u00e7 ge\u00e7irmi\u015f bir hastan\u0131n iyile\u015fmesinin \u00f6n\u00fcndeki en \u00f6nemli etkenlerden bir tanesi <a href=\"https:\/\/eksensaglik.com\/sq\/yatili-fizik-tedavide-psikolojik-destek-ve-onemi\/\">psikolojik<\/a> destektir. Bu konuda merkezimizde y\u00fcr\u00fctt\u00fc\u011f\u00fcm\u00fcz faaliyetlerle psikolojilerini en \u00fcst seviyede tutma gayretindeyiz. Ayr\u0131ca <a href=\"https:\/\/eksensaglik.com\/sq\/yatili-fizik-tedavide-psikolojik-destek-ve-onemi\/\">psikolojik<\/a> tedavilerini kontrol alt\u0131nda tutmak i\u00e7in psikolog doktorlar\u0131m\u0131z da rutin irtibatlar\u0131n\u0131 devam ettirmektedirler.<\/p>\n<p><a href=\"https:\/\/eksensaglik.com\/sq\/yatarak-fizik-tedavi-ve-rehabilitasyon-hizmeti\/\">Yat\u0131l\u0131 fizik tedavi<\/a> hizmeti veren bir kurumun olmazsa olmazlar\u0131ndan bir tanesi de iyi bir bak\u0131md\u0131r. Kendi alan\u0131nda uzman hastalara \u015fefkatle yakla\u015fan ekibimizle hastalar\u0131n b\u00fct\u00fcn bak\u0131m ihtiya\u00e7lar\u0131 en k\u0131sa zamanda giderilmektedir. 7:24 bak\u0131m hizmetlerimizin yan\u0131nda ayn\u0131 zamanda hastalar\u0131m\u0131z\u0131n gerek ate\u015f, nab\u0131z, tansiyon gerekse herhangi bir hastal\u0131k durumlar\u0131nda an\u0131nda m\u00fcdahele edecek 7:24 s\u00fcrekli hastalar\u0131n yan\u0131nda bulunan hem\u015firelerimiz hizmet vermektedirler.<\/p>\n<p style=\"text-align: justify;\">Ju urojm\u00eb dit\u00eb t\u00eb sh\u00ebndetshme<\/p>","protected":false},"excerpt":{"rendered":"<p>Yat\u0131l\u0131 Fizik Tedavi Merkezi Yat\u0131l\u0131 fizik tedavi merkezi\u00a0\u2019nin ne oldu\u011funu anlatmadan \u00f6nce neden bir hastan\u0131n fizik tedavi g\u00f6rmesi gerekti\u011fi \u00fczerinde dural\u0131m. Fel\u00e7 (\u0130nme) ge\u00e7irmi\u015f, kal\u00e7a protez ameliyat\u0131 olmu\u015f, diz protez ameliyat sonras\u0131 veya trafik kazas\u0131 sonucu hasar meydana gelmi\u015f, parkinson veya multiple skleroz (ms) gibi hastal\u0131klara yakalanm\u0131\u015f hastalar\u0131n mutlaka bir fizik tedavi merkezinde tedavi olmas\u0131 &hellip; <\/p>\n<p class=\"link-more\"><a href=\"https:\/\/eksensaglik.com\/sq\/yatili-fizik-tedavi-merkezi\/\" class=\"more-link\">Vazhdoni leximin e<span class=\"screen-reader-text\"> Yat\u0131l\u0131 Fizik Tedavi Merkezi \u0130stanbul Anadolu Yakas\u0131<\/span><\/a><\/p>","protected":false},"author":1,"featured_media":1519,"comment_status":"open","ping_status":"closed","sticky":false,"template":"","format":"standard","meta":{"jetpack_post_was_ever_published":false,"_jetpack_newsletter_access":"","_jetpack_dont_email_post_to_subs":false,"_jetpack_newsletter_tier_id":0,"_jetpack_memberships_contains_paywalled_content":false,"_jetpack_memberships_contains_paid_content":false,"footnotes":""},"categories":[217,398,65],"tags":[270,242,324,13,157,56,219,223,321,241,37,220,116,341,340],"class_list":["post-1515","post","type-post","status-publish","format-standard","has-post-thumbnail","hentry","category-fizik-tedavi-ve-rehabilitasyon","category-ortopedik-rehabilitasyon","category-yazilar","tag-anadolu-yakasi","tag-atasehir","tag-bakimi","tag-hasta","tag-hasta-bakimi","tag-istanbul","tag-istanbul-fizik-tedavi","tag-kalca-protez-ameliyati","tag-merkezi","tag-merkezleri","tag-yatalak-hasta-bakimi","tag-yatarak-fizik-tedavi","tag-yatili-fizik-tedavi","tag-yatili-fizik-tedavi-merkezleri","tag-yatili-fizik-tedavi-merkezleri-istanbul"],"jetpack_featured_media_url":"https:\/\/eksensaglik.com\/wp-content\/uploads\/2017\/05\/Eksen-saglik-yatili-fizik-tedavi-merkezi.jpg","jetpack_sharing_enabled":true,"_links":{"self":[{"href":"https:\/\/eksensaglik.com\/sq\/wp-json\/wp\/v2\/posts\/1515","targetHints":{"allow":["GET"]}}],"collection":[{"href":"https:\/\/eksensaglik.com\/sq\/wp-json\/wp\/v2\/posts"}],"about":[{"href":"https:\/\/eksensaglik.com\/sq\/wp-json\/wp\/v2\/types\/post"}],"author":[{"embeddable":true,"href":"https:\/\/eksensaglik.com\/sq\/wp-json\/wp\/v2\/users\/1"}],"replies":[{"embeddable":true,"href":"https:\/\/eksensaglik.com\/sq\/wp-json\/wp\/v2\/comments?post=1515"}],"version-history":[{"count":1,"href":"https:\/\/eksensaglik.com\/sq\/wp-json\/wp\/v2\/posts\/1515\/revisions"}],"predecessor-version":[{"id":9643,"href":"https:\/\/eksensaglik.com\/sq\/wp-json\/wp\/v2\/posts\/1515\/revisions\/9643"}],"wp:featuredmedia":[{"embeddable":true,"href":"https:\/\/eksensaglik.com\/sq\/wp-json\/wp\/v2\/media\/1519"}],"wp:attachment":[{"href":"https:\/\/eksensaglik.com\/sq\/wp-json\/wp\/v2\/media?parent=1515"}],"wp:term":[{"taxonomy":"category","embeddable":true,"href":"https:\/\/eksensaglik.com\/sq\/wp-json\/wp\/v2\/categories?post=1515"},{"taxonomy":"post_tag","embeddable":true,"href":"https:\/\/eksensaglik.com\/sq\/wp-json\/wp\/v2\/tags?post=1515"}],"curies":[{"name":"wp","href":"https:\/\/api.w.org\/{rel}","templated":true}]}}