{"id":5274,"date":"2019-10-10T13:19:01","date_gmt":"2019-10-10T13:19:01","guid":{"rendered":"http:\/\/eksensaglik.com\/?p=5274"},"modified":"2023-06-24T06:38:33","modified_gmt":"2023-06-24T06:38:33","slug":"afazi-nedir","status":"publish","type":"post","link":"https:\/\/eksensaglik.com\/fr\/afazi-nedir\/","title":{"rendered":"Qu&#039;est-ce que l&#039;aphasie"},"content":{"rendered":"<h2>Qu&#039;est-ce que l&#039;aphasie<\/h2>\n<p class=\"p1 translation-block\"><span class=\"s1\"><strong>K\u0131smi Felce<\/strong> Ba\u011fl\u0131 konu\u015fma bozuklu\u011fu ve afazi tedavisi nedir?<\/span><\/p>\n<p class=\"p1 translation-block\"><span class=\"s1\"><strong>\u0130nme<\/strong> ya da ge\u00e7irilen kafa&nbsp;travmas\u0131ndan sonra afazi geli\u015fen hastada bir miktar d\u00fczelme sa\u011flanabilir. Fakat daha ciddi afazi geli\u015fen hastalarda iyile\u015fme \u015fans\u0131 daha azd\u0131r.<\/span><\/p>\n<p class=\"p1 translation-block\"><span class=\"s1\"> Afazi sorunu olan bir\u00e7ok birey bir s\u00fcre hastanede yatarak tedavi g\u00f6rm\u00fc\u015ft\u00fcr.&nbsp;<strong>Beyin<\/strong> hasar\u0131 geli\u015ftikten sonra&nbsp;afazi sorunu olan birey hastanede yatarak tedavi g\u00f6r\u00fcr. <\/span><\/p>\n<p class=\"p1 translation-block\"><span class=\"s1\">Ciddi afazi geli\u015fen olgularda konu\u015fma terapisi ba\u015fl\u0131ca <strong>tedavi<\/strong> y\u00f6ntemidir.&nbsp;&nbsp;<\/span><\/p>\n<p><iframe title=\"Qu&#039;est-ce que le trouble de la parole paralys\u00e9 partiel (aphasie) et comment est-il trait\u00e9\u00a0? AXE SANT\u00c9\" width=\"525\" height=\"295\" src=\"https:\/\/www.youtube.com\/embed\/iCIX0EgeCZc?feature=oembed\" frameborder=\"0\" allow=\"accelerometer; autoplay; clipboard-write; encrypted-media; gyroscope; picture-in-picture; web-share\" referrerpolicy=\"strict-origin-when-cross-origin\" allowfullscreen><\/iframe><\/p>\n<h2 class=\"p3\"><span class=\"s1\">Qu&#039;est-ce que l&#039;aphasie et comment est-elle trait\u00e9e ?<\/span><\/h2>\n<p class=\"p3 translation-block\"><span class=\"s1\"><strong>Afazi<\/strong> tedavisinde&nbsp;standart bir tedaviden bahsetmek m\u00fcmk\u00fcn de\u011fildir.&nbsp;<strong>Afazinin<\/strong> \u015fiddeti,yayg\u0131nl\u0131\u011f\u0131,&nbsp;ki\u015finin e\u011fitim d\u00fczeyi&nbsp;ve cinsiyetine ba\u011fl\u0131 olarak farkl\u0131&nbsp;rehabilitasyon y\u00f6ntemleri&nbsp;uygulanmaktad\u0131r.<\/span><\/p>\n<p class=\"p3 translation-block\"><span class=\"s1\"> <strong>Afazinin<\/strong>&nbsp;\u015fiddetine ba\u011fl\u0131 olarak k\u0131smen veya tam iyile\u015fme&nbsp;sa\u011flanabilir. G\u00fcn\u00fcm\u00fczde ilerleyen t\u0131p sayesinde afazi sorununa kar\u015f\u0131 \u00f6nemli ilerlemeler elde edilmi\u015ftir.&nbsp;<\/span><\/p>\n<p class=\"p3\"><span class=\"s1\">Meydana gelen <a href=\"https:\/\/eksensaglik.com\/fr\/hizmetlerimiz\/felc-inme-hemipleji-tedavisi\/\">coup<\/a> veya kafa travmalar\u0131 sonucunda hastan\u0131n hastanede tedavi g\u00f6rmesi olduk\u00e7a \u00f6nemlidir. Bu s\u00fcre\u00e7te uygulanan\u00a0dil ve konu\u015fma\u00a0terapisi afazi tedavisinde \u00f6nemli bir yere\u00a0sahiptir. <\/span><\/p>\n<p class=\"p3\"><span class=\"s1\">Un d\u00e9veloppement plus rapide est obtenu en particulier dans les th\u00e9rapies appliqu\u00e9es au cours des 6 \u00e0 12 premiers mois. Dans le traitement de l&#039;aphasie, une m\u00e9thode de traitement distincte est appliqu\u00e9e en fonction de la zone touch\u00e9e. <\/span><\/p>\n<p class=\"p3\"><span class=\"s1\">Pour cette raison, il convient tout d&#039;abord de d\u00e9terminer laquelle des capacit\u00e9s telles que la parole, l&#039;\u00e9criture et la lecture est un probl\u00e8me chez le patient et une th\u00e9rapie doit \u00eatre appliqu\u00e9e en cons\u00e9quence.\u00a0<\/span><\/p>\n<h2>Quel genre de programme est mis en \u0153uvre dans notre \u00e9tablissement concernant le traitement de la paralysie c\u00e9r\u00e9brale?<\/h2>\n<p>Dans le traitement, nous traitons les probl\u00e8mes de la personne tels que la marche et l&#039;utilisation de sa main, au moyen de divers appareils de physioth\u00e9rapie et de programmes d&#039;exercices appropri\u00e9s dans les 2 s\u00e9ances de programme de physioth\u00e9rapie que nous offrons dans notre \u00e9tablissement.<\/p>\n<p class=\"translation-block\">E\u015f zamanl\u0131 olarak profes\u00f6r doktor&nbsp;kadromuzdan olu\u015fan ekip ile, uygulanan&nbsp;<strong>fizik tedavi<\/strong>&nbsp;program\u0131, medikal&nbsp;tedavi ile desteklenip, takip edilmektedir.<\/p>\n<p class=\"translation-block\">Amac\u0131m\u0131z<strong>&nbsp;beyin felci<\/strong>&nbsp;sonras\u0131 ortaya \u00e7\u0131kan problemleri ekip halinde&nbsp;\u00e7al\u0131\u015farak en k\u0131sa zamanda, en iyi \u015fekilde ortadan kald\u0131rmakt\u0131r.<\/p>\n<p>\u0130stanbul anadolu yakas\u0131 Ata\u015fehir&#8217;de bulunan Eksen Bak\u0131m <a href=\"https:\/\/eksensaglik.com\/fr\/yatarak-fizik-tedavi-ve-rehabilitasyon-hizmeti\/\">Physioth\u00e9rapie en milieu hospitalier<\/a> ve Rehabilitasyon merkezi olarak\u00a0<strong>fracture du f\u00e9mur<\/strong>\u00a0pour nos patients\u00a0<a href=\"http:\/\/eksensaglik.com\/fr\/kadromuz\/\" target=\"_blank\" rel=\"noopener noreferrer\">nos m\u00e9decins<\/a>\u00a0a un programme de th\u00e9rapie physique et de r\u00e9adaptation.<\/p>\n<p class=\"translation-block\">Ayr\u0131ca&nbsp;<strong><a href=\"https:\/\/istanbulbakimevi.com\" target=\"_blank\" rel=\"noopener\">Bak\u0131m<\/a> ekibimiz<\/strong>&nbsp;taraf\u0131ndan refakat\u00e7iye gerek duyulmadan 7\/24 A Kalite bak\u0131m hizmeti verilmektedir.<\/p>\n<p>Tout d&#039;abord, des s\u00e9ances quotidiennes sont appliqu\u00e9es sp\u00e9cifiquement aux patients apr\u00e8s l&#039;examen de notre m\u00e9decin.<\/p>\n<p class=\"translation-block\">Onun i\u00e7in&nbsp;<strong>yat\u0131l\u0131 fizik <a href=\"http:\/\/eksensaglik.com\/fr\/\" target=\"_self\">tedavi<\/a><\/strong>&nbsp;g\u00f6rmesi gereken hasta \u00f6ncelikle doktor taraf\u0131ndan muayene edilip fizyoterapistler e\u015fli\u011finde&nbsp;<strong>fizik tedavi ve rehabilitasyon<\/strong>&nbsp;program\u0131 uygulan\u0131r.<\/p>\n<p><a href=\"https:\/\/eksensaglik.com\/fr\/yatarak-fizik-tedavi-ve-rehabilitasyon-hizmeti\/\">physioth\u00e9rapie en milieu hospitalier<\/a> ve rehabilitasyon seans \u00fccretleri hastan\u0131n kurumumuzda ald\u0131\u011f\u0131 seans ve bak\u0131m hizmetine g\u00f6re de\u011fi\u015fmektedir.<\/p>\n<p class=\"translation-block\">Kurumumuzda odalar\u0131m\u0131z tek yatakl\u0131, \u00e7ift, \u00fc\u00e7 ve d\u00f6rt yatakl\u0131 olarak de\u011fi\u015fmektedir. Oda fiyatlar\u0131n\u0131 bizimle&nbsp;<a href=\"http:\/\/eksensaglik.com\/fr\/iletisim\/\" target=\"_blank\" rel=\"noopener noreferrer\">ileti\u015fim<\/a>&nbsp;kurarak alabilirsiniz. Kurumumuzun \u015fartlar\u0131 ile alakal\u0131&nbsp;<a href=\"http:\/\/eksensaglik.com\/fr\/fotograf-galerisi\/\" target=\"_blank\" rel=\"noopener noreferrer\">Galeriyi gezebilirsiniz<\/a>.<\/p>\n<p class=\"translation-block\"><strong>Eksen Sa\u011fl\u0131k Yat\u0131l\u0131 fizik tedavi ve rehabilitasyon merkezi<\/strong>mizin SGK ile anla\u015fmas\u0131 bulunmamaktad\u0131r.&nbsp; \u00dccretler ile alakal\u0131 yine bizleri <a href=\"http:\/\/eksensaglik.com\/fr\/iletisim\/\" target=\"_blank\" rel=\"noopener noreferrer\">arayabilirsiniz<\/a>.<br>\r\nSa\u011fl\u0131kl\u0131 g\u00fcnler dileriz.<\/p>","protected":false},"excerpt":{"rendered":"<p>Afazi Nedir K\u0131smi Felce Ba\u011fl\u0131 konu\u015fma bozuklu\u011fu ve afazi tedavisi nedir? \u0130nme ya da ge\u00e7irilen kafa\u00a0travmas\u0131ndan sonra afazi geli\u015fen hastada bir miktar d\u00fczelme sa\u011flanabilir. Fakat daha ciddi afazi geli\u015fen hastalarda iyile\u015fme \u015fans\u0131 daha azd\u0131r. Afazi sorunu olan bir\u00e7ok birey bir s\u00fcre hastanede yatarak tedavi g\u00f6rm\u00fc\u015ft\u00fcr.\u00a0Beyin hasar\u0131 geli\u015ftikten sonra\u00a0afazi sorunu olan birey hastanede yatarak tedavi g\u00f6r\u00fcr. &hellip; <\/p>\n<p class=\"link-more\"><a href=\"https:\/\/eksensaglik.com\/fr\/afazi-nedir\/\" class=\"more-link\">Continuer la lecture<span class=\"screen-reader-text\"> de &laquo;&nbsp;Afazi Nedir&nbsp;&raquo;<\/span><\/a><\/p>","protected":false},"author":1,"featured_media":5277,"comment_status":"open","ping_status":"closed","sticky":false,"template":"","format":"standard","meta":{"jetpack_post_was_ever_published":false,"_jetpack_newsletter_access":"","_jetpack_dont_email_post_to_subs":false,"_jetpack_newsletter_tier_id":0,"_jetpack_memberships_contains_paywalled_content":false,"_jetpack_memberships_contains_paid_content":false,"footnotes":""},"categories":[217,397,65],"tags":[263,300,301,298,299,171],"class_list":["post-5274","post","type-post","status-publish","format-standard","has-post-thumbnail","hentry","category-fizik-tedavi-ve-rehabilitasyon","category-norolojik-rehabilitasyon","category-yazilar","tag-afazi","tag-afazi-felc","tag-afazi-felc-tedavisi","tag-afazi-nedir","tag-afazi-tedavisi-nasil-olur","tag-felc-tedavisi"],"jetpack_featured_media_url":"https:\/\/eksensaglik.com\/wp-content\/uploads\/2019\/10\/afazi-nedir.jpg","jetpack_sharing_enabled":true,"_links":{"self":[{"href":"https:\/\/eksensaglik.com\/fr\/wp-json\/wp\/v2\/posts\/5274","targetHints":{"allow":["GET"]}}],"collection":[{"href":"https:\/\/eksensaglik.com\/fr\/wp-json\/wp\/v2\/posts"}],"about":[{"href":"https:\/\/eksensaglik.com\/fr\/wp-json\/wp\/v2\/types\/post"}],"author":[{"embeddable":true,"href":"https:\/\/eksensaglik.com\/fr\/wp-json\/wp\/v2\/users\/1"}],"replies":[{"embeddable":true,"href":"https:\/\/eksensaglik.com\/fr\/wp-json\/wp\/v2\/comments?post=5274"}],"version-history":[{"count":1,"href":"https:\/\/eksensaglik.com\/fr\/wp-json\/wp\/v2\/posts\/5274\/revisions"}],"predecessor-version":[{"id":9605,"href":"https:\/\/eksensaglik.com\/fr\/wp-json\/wp\/v2\/posts\/5274\/revisions\/9605"}],"wp:featuredmedia":[{"embeddable":true,"href":"https:\/\/eksensaglik.com\/fr\/wp-json\/wp\/v2\/media\/5277"}],"wp:attachment":[{"href":"https:\/\/eksensaglik.com\/fr\/wp-json\/wp\/v2\/media?parent=5274"}],"wp:term":[{"taxonomy":"category","embeddable":true,"href":"https:\/\/eksensaglik.com\/fr\/wp-json\/wp\/v2\/categories?post=5274"},{"taxonomy":"post_tag","embeddable":true,"href":"https:\/\/eksensaglik.com\/fr\/wp-json\/wp\/v2\/tags?post=5274"}],"curies":[{"name":"wp","href":"https:\/\/api.w.org\/{rel}","templated":true}]}}