{"id":1555,"date":"2017-05-30T10:55:18","date_gmt":"2017-05-30T07:55:18","guid":{"rendered":"http:\/\/eksensaglik.com\/?p=1555"},"modified":"2023-06-24T06:38:39","modified_gmt":"2023-06-24T06:38:39","slug":"omurilik-parapleji-felci","status":"publish","type":"post","link":"https:\/\/eksensaglik.com\/fr\/omurilik-parapleji-felci\/","title":{"rendered":"Qu&#039;est-ce que la paralysie parapl\u00e9gique de la moelle \u00e9pini\u00e8re\u00a0? #vid\u00e9o"},"content":{"rendered":"<h2 style=\"text-align: justify;\">Qu&#039;est-ce que la paralysie parapl\u00e9gique de la moelle \u00e9pini\u00e8re?<\/h2>\n<p><iframe title=\"Qu&#039;est-ce que la paralysie de la moelle \u00e9pini\u00e8re et comment est-elle trait\u00e9e ? - Physioth\u00e9rapeute Cansu Erdurak\" width=\"525\" height=\"295\" src=\"https:\/\/www.youtube.com\/embed\/MpoKDYByayw?feature=oembed\" frameborder=\"0\" allow=\"accelerometer; autoplay; clipboard-write; encrypted-media; gyroscope; picture-in-picture; web-share\" referrerpolicy=\"strict-origin-when-cross-origin\" allowfullscreen><\/iframe><\/p>\n<p style=\"text-align: justify;\" class=\"translation-block\"><strong>Omurilik (Parapleji) Felci<\/strong>; y\u00fcksekten d\u00fc\u015fme, ate\u015fli silah yaralanmalar\u0131, omurili\u011fe \u015fiddetli darbe veya trafik kazalar\u0131 sonras\u0131 <strong>omurili\u011fin<\/strong> yaralanmas\u0131 sonucunda ortaya \u00e7\u0131kan bir durumdur.<\/p>\n<p style=\"text-align: justify;\">En outre, les infections et les tumeurs, telles que les troubles vasculaires, peuvent provoquer des l\u00e9sions de la moelle \u00e9pini\u00e8re. Par cons\u00e9quent, la paralysie de la moelle \u00e9pini\u00e8re est assez courante.<\/p>\n<p style=\"text-align: justify;\">Beraberinde getirdi\u011fi fiziksel, <a href=\"https:\/\/eksensaglik.com\/fr\/yatili-fizik-tedavide-psikolojik-destek-ve-onemi\/\">psikolojik<\/a> ve ekonomik sorunlar ile hem bireysel hem toplumsal a\u00e7\u0131dan \u00f6nemli bir problemdir.<\/p>\n<h2 class=\"p1\"><span class=\"s1\">Paralysie parapl\u00e9gique de la moelle \u00e9pini\u00e8re, comment cela se produit-il ?<\/span><\/h2>\n<p class=\"p1 translation-block\"><span class=\"s1\">Les fonctions de la moelle \u00e9pini\u00e8re, d\u00e9crites dans la <strong>page sur l&#039;anatomie de la colonne vert\u00e9brale et de la moelle \u00e9pini\u00e8re<\/strong> , peuvent \u00eatre perdues pour diverses raisons. Pour que la moelle \u00e9pini\u00e8re perde sa fonction, elle doit subir une pression due \u00e0 une maladie ou \u00e0 un traumatisme. En raison de cette pression, les zones endommag\u00e9es deviennent incapables de communiquer. En d&#039;autres termes, la connexion entre les organes et le cerveau est perdue dans les zones endommag\u00e9es et en dessous.<\/span><\/p>\n<h3 class=\"p1\"><span class=\"s1\">Causes de la paralysie de la moelle \u00e9pini\u00e8re<\/span><\/h3>\n<p class=\"p1\"><strong><span class=\"s1\">A. Maladies<\/span><\/strong><\/p>\n<p class=\"p1\"><span class=\"s1\">La paralysie de la moelle \u00e9pini\u00e8re peut survenir \u00e0 la suite d&#039;une maladie se d\u00e9veloppant dans, autour et dans la moelle \u00e9pini\u00e8re, comprimant, comprimant ou blessant la moelle \u00e9pini\u00e8re. Ces groupes de ma\u00eetrise peuvent \u00eatre regroup\u00e9s sous les rubriques suivantes :<\/span><\/p>\n<ol class=\"ol1\">\n<li class=\"li1 translation-block\"><span class=\"s1\">Urines (tumeurs)\u00a0: Elle peut provoquer une paralysie de la moelle \u00e9pini\u00e8re en raison de la pression des tumeurs form\u00e9es dans la <strong>r\u00e9gion de la moelle \u00e9pini\u00e8re sur la moelle \u00e9pini\u00e8re.<\/strong><\/span><\/li>\n<li class=\"li1\"><span class=\"s1\">Infections : Tuberculose spinale (pott), m\u00e9ningite, etc. Les maladies infectieuses provoquent une paralysie de la moelle \u00e9pini\u00e8re \u00e0 la suite d&#039;une d\u00e9formation de la moelle \u00e9pini\u00e8re.<\/span><\/li>\n<li class=\"li1\"><span class=\"s1\">Maladies des tissus mous\u00a0: hernies vert\u00e9brales avanc\u00e9es, d\u00e9formations des tissus entourant la colonne vert\u00e9brale (ligaments), etc. Les maladies qui se d\u00e9veloppent dans les tissus mous peuvent \u00e9galement provoquer une paralysie de la moelle \u00e9pini\u00e8re.<\/span><\/li>\n<\/ol>\n<p class=\"p1\"><strong><span class=\"s1\">B. Traumatismes<\/span><\/strong><\/p>\n<ol class=\"ol1\">\n<li class=\"li1\"><span class=\"s1\">Accidents de la circulation<\/span><\/li>\n<li class=\"li1\"><span class=\"s1\">Chutes de hauteur<\/span><\/li>\n<li class=\"li1\"><span class=\"s1\">Blessures sportives (plong\u00e9e en eau peu profonde, etc.)<\/span><\/li>\n<li class=\"li1\"><span class=\"s1\">Blessures par arme \u00e0 feu<\/span><\/li>\n<li class=\"li1\"><strong><span class=\"s1\">Accidents du travail<\/span><\/strong><\/li>\n<li class=\"li1\"><span class=\"s1\">D\u00e9sastres naturels<\/span><\/li>\n<\/ol>\n<p class=\"p1\"><span class=\"s1\">\u00a0<\/span><\/p>\n<h2 class=\"p1\"><span class=\"s1\">OF&#8217;N\u0130N ETK\u0130LER\u0130<\/span><\/h2>\n<p class=\"p1 translation-block\"><span class=\"s1\"><strong>Omurilik<\/strong> zedelenmesinin d\u00fczeyleri<\/span><\/p>\n<h3 class=\"p1\"><span class=\"s1\">T\u00e9trapl\u00e9gie\u00a0:<\/span><\/h3>\n<p class=\"p1 translation-block\"><span class=\"s1\">Omurili\u011fin boyundan zedelenmesi sonucu kollar\u0131n hareketi, g\u00f6vdenin hissi, bacaklar\u0131n hareketi tamamen yok olur. Ki\u015fi nefes alma ve \u00f6ks\u00fcrmede g\u00fc\u00e7l\u00fck \u00e7eker. <strong>Y\u00fcz\u00fcn\u00fc<\/strong>, boynunu, omuzlar\u0131n\u0131, ellerini ve kollar\u0131n\u0131 hissedebilir fakat g\u00f6vdesini ve bacaklar\u0131n\u0131 hissedemez.<\/span><\/p>\n<h3 class=\"p1\"><span class=\"s1\">Parapl\u00e9gie:<\/span><\/h3>\n<p class=\"p1 translation-block\"><span class=\"s1\"><strong>Parapleji<\/strong>, genel olarak boyundan a\u015fa\u011f\u0131daki k\u0131s\u0131mlar\u0131nda meydana gelen zedelenmelere ba\u011fl\u0131 olarak ger\u00e7ekle\u015fen <strong>fel\u00e7<\/strong> t\u00fcr\u00fcd\u00fcr. paraplejide temel olarak bacaklar\u0131n oynat\u0131lamamakla birlikte, hasar\u0131n seviyesine g\u00f6re iki kategoride ele al\u0131nmaktad\u0131r.<\/span><\/p>\n<h3 class=\"p1\"><span class=\"s1\">Parapl\u00e9gie \u00e9lev\u00e9e\u00a0:<\/span><\/h3>\n<p class=\"p1\"><span class=\"s1\">Une l\u00e9sion de la moelle \u00e9pini\u00e8re dans le haut du dos entra\u00eene une perte partielle des mouvements du tronc et une perte compl\u00e8te de mouvement des jambes. La personne peut sentir le torse \u00e0 partir de la taille, mais ne peut pas sentir l&#039;abdomen et les jambes.<\/span><\/p>\n<h3 class=\"p1\"><span class=\"s1\">Parapl\u00e9gie faible\u00a0:<\/span><\/h3>\n<p class=\"p1\"><span class=\"s1\">Une l\u00e9sion de la moelle \u00e9pini\u00e8re dans le bas du dos entra\u00eene une perte totale ou partielle de mouvement des jambes.<\/span><\/p>\n<p class=\"p1 translation-block\"><span class=\"s1\"><strong>Omurilik<\/strong> zedelenmesini hangi d\u00fczeyde olursa olsun, ki\u015fi ba\u011f\u0131rsak ve idrar torbas\u0131n\u0131n kontrol\u00fcnde g\u00fc\u00e7l\u00fck ya\u015far.<\/span><\/p>\n<p class=\"p1 translation-block\"><span class=\"s1\"><strong>Omurilik<\/strong> zedelenmesinin dereceleri<\/span><\/p>\n<p class=\"p1 translation-block\"><span class=\"s1\">Omurilikleri zedelenen insanlar oturabilme ve hareket edebilme \u00f6zelliklerine g\u00f6re 6 ayr\u0131 derecede s\u0131n\u0131fland\u0131r\u0131lm\u0131\u015ft\u0131r. Bu dereceler zedelenme seviyesine, di\u011fer hastal\u0131k ya da hasarlara, ya\u015f, cinsiyet, fiziksel yap\u0131, motivasyon ve \u00e7evreye ba\u011fl\u0131d\u0131r. Ayn\u0131 \u015fekilde ki\u015finin <strong>omurilik<\/strong> felcini kabullenip hayat\u0131n\u0131 bu ger\u00e7ekle ve de en iyi \u015fekilde ge\u00e7irme karar\u0131na ba\u011fl\u0131d\u0131r. Ki\u015finin ailesinin, arkada\u015f \u00e7evresinin ve sa\u011fl\u0131k g\u00f6revlilerinin de cesaretlendirici ve destekleyici olmalar\u0131 b\u00fcy\u00fck \u00f6nem ta\u015f\u0131r.<\/span><\/p>\n<p class=\"p1\"><span class=\"s1\">1&#8221;den 5&#8221;e kadar olan dereceler &#8220;tetraplegia&#8221; n\u0131n farkl\u0131 s\u0131n\u0131flar\u0131d\u0131r.<\/span><\/p>\n<h3 class=\"p1\"><span class=\"s1\">1. NOTE :<\/span><\/h3>\n<p class=\"p1\"><span class=\"s1\">\u2022 Ne peut pas s&#039;asseoir seul sans le soutien de l&#039;autre personne.<\/span><\/p>\n<p class=\"p1\"><span class=\"s1\">\u2022 Il a besoin d&#039;un soutien externe pour chaque mouvement.<\/span><\/p>\n<h3 class=\"p1\"><span class=\"s1\">2 DEGR\u00c9S :<\/span><\/h3>\n<ul>\n<li class=\"p1\"><span class=\"s1\">Peut s&#039;asseoir seul avec l&#039;aide des bras et des mains, en gardant les coudes droits.<\/span><\/li>\n<li class=\"p1\">Ne peut pas lever ses bras<\/li>\n<li class=\"p1\">Un assistant doit toujours \u00eatre avec lui.<\/li>\n<\/ul>\n<h3 class=\"p1\"><span class=\"s1\">GRADE 3:<\/span><\/h3>\n<ul>\n<li class=\"p1\"><span class=\"s1\">Ne peut lever qu&#039;un bras sous le niveau des \u00e9paules<\/span><\/li>\n<li class=\"p1\">Il ne peut pas lever son autre bras, il ne peut que s&#039;appuyer dessus pour se soutenir.<\/li>\n<li class=\"p1\">Un assistant doit toujours \u00eatre avec lui.<\/li>\n<\/ul>\n<h3 class=\"p1\"><span class=\"s1\">NIVEAU 4:<\/span><\/h3>\n<ul>\n<li class=\"p1\"><span class=\"s1\">Il peut lever et plier un bras au-dessus du niveau des \u00e9paules.<\/span><\/li>\n<li class=\"p1\">En attendant, il obtient du soutien en se tenant simplement avec son autre bras.<\/li>\n<li class=\"p1\">Peut s&#039;asseoir seul sans le soutien de ses bras.<\/li>\n<\/ul>\n<h3 class=\"p1\"><span class=\"s1\">5 DEGR\u00c9S CELCIUS :<\/span><\/h3>\n<ul>\n<li class=\"p1\"><span class=\"s1\">Peut s&#039;asseoir sans support de n&#039;importe o\u00f9.<\/span><\/li>\n<li class=\"p1\">Il peut bouger les deux bras en m\u00eame temps dans toutes les directions.<\/li>\n<li class=\"p1\">Au d\u00e9part, il peut avoir besoin d&#039;aide pour faire quoi que ce soit dans cette position.<\/li>\n<\/ul>\n<h3 class=\"p1\"><span class=\"s1\">6. NOTE :<\/span><\/h3>\n<ul>\n<li class=\"p1\"><span class=\"s1\">Peut s&#039;asseoir sans aucun support.<\/span><\/li>\n<li class=\"p1\">Il peut lancer et attraper des balles avec ses bras.<\/li>\n<li class=\"p1\">Il n&#039;a pas besoin d&#039;aide.<\/li>\n<\/ul>\n<p class=\"p1\"><span class=\"s1\">\u00a0<\/span><\/p>\n<h2 class=\"p1\"><span class=\"s1\">La moelle \u00e9pini\u00e8re gu\u00e9rit-elle apr\u00e8s une blessure?<\/span><\/h2>\n<p class=\"p1\"><span class=\"s1\"><strong>Moelle \u00e9pini\u00e8re<\/strong> zedelendikten sonra tekrar tedavi edilmez ve tekrar b\u00fcy\u00fcmez.E\u011fer omurilik &#8220;omurga \u015foku&#8221;u atlatabilirse birtak\u0131m iyile\u015fmeler olabilir. Omurga \u015foku her omurilik zedelenmesinden hemen sonra ortaya \u00e7\u0131kar, <strong>moelle \u00e9pini\u00e8re<\/strong> il cesse de fonctionner et la personne ne peut plus bouger.<\/span><\/p>\n<p class=\"p1 translation-block\"><span class=\"s1\"> Omurga \u015foku bir ka\u00e7 saatten 6 haftaya kadar s\u00fcrebilen bir zaman dilimi s\u00fcrebilir ve bu \u015fok esnas\u0131nda omurili\u011fin ne derece zedelendi\u011fini saptamak zordur. E\u011fer omurili\u011fin \u015fi\u015fme, kanama, \u00e7\u00fcr\u00fcmesi biterse birtak\u0131m iyile\u015fmeler olabilir fakat iyile\u015fme genelde <strong>omurilik<\/strong> zedelenmesinin ilk 6 ayl\u0131k s\u00fcresi i\u00e7erisinde ger\u00e7ekle\u015fir. <\/span><\/p>\n<p class=\"p1 translation-block\"><span class=\"s1\"><strong>Omurilik<\/strong> tamamen zedelenmediyse, ki\u015fi zedelenme tarihinden 2 y\u0131l sonras\u0131na kadar iyile\u015fme belirtileri g\u00f6sterebilir fakat aradan ne kadar \u00e7ok zaman ge\u00e7erse, iyile\u015fme \u015fans\u0131 o kadar azal\u0131r. E\u011fer <strong>omurilik<\/strong> bir hastal\u0131k ve ya t\u00fcm\u00f6r sebebiyle zedelenmi\u015fse, tamamen iyile\u015fme ihtimali mevcuttur.<\/span><\/p>\n<h2 style=\"text-align: justify;\">Paralysie de la parapl\u00e9gie de la moelle \u00e9pini\u00e8re Que se passe-t-il apr\u00e8s la paralysie?<\/h2>\n<p style=\"text-align: justify;\" class=\"translation-block\"><strong>Omurilik felci<\/strong>nde genel olarak b\u00fct\u00fcn v\u00fccudun i\u015flevi kaybedilmez, darbenin al\u0131nd\u0131\u011f\u0131 noktada ortaya \u00e7\u0131kar.<\/p>\n<p style=\"text-align: justify;\">Selon le niveau de la blessure, seules les jambes, les bras et les jambes r\u00e9unis ou situ\u00e9s sous le cou peuvent perdre compl\u00e8tement leur fonction.<\/p>\n<p style=\"text-align: justify;\">Outre la perte de fonction dans le corps, divers probl\u00e8mes peuvent survenir dans le corps en raison de l&#039;inactivit\u00e9.<\/p>\n<p style=\"text-align: justify;\" class=\"translation-block\">Bunlar ba\u011f\u0131rsak problemleri, uzun s\u00fcre <a href=\"http:\/\/eksensaglik.com\/fr\/yatalak-hasta-bakimi-ve-tedavisi\/\" target=\"_self\"><strong>yatmaya ba\u011fl\u0131 yatak yaralar\u0131<\/strong><\/a>, eklem donmalar\u0131 (kontrakt\u00fcr), kas sertlikleri (spastisite), a\u011fr\u0131lar, dola\u015f\u0131m bozukluklar\u0131, tansiyon problemleri olarak s\u0131ralanabilir.<\/p>\n<h2 style=\"text-align: justify;\">Comment traiter la parapl\u00e9gie?<\/h2>\n<p style=\"text-align: justify;\" class=\"translation-block\"><strong>Omurilik felci<\/strong> tedavisinde erken d\u00f6nemde hayati fonksiyonlar stabil hale geldikten sonra tansiyon d\u00fc\u015f\u00fckl\u00fc\u011f\u00fc, kans\u0131zl\u0131k, yetersiz oksijen durumlar\u0131 g\u00f6z \u00f6n\u00fcnde bulundurularak hemen fizik tedaviye ba\u015flan\u0131r.<\/p>\n<p style=\"text-align: justify;\" class=\"translation-block\">Felcin ger\u00e7ekle\u015fti\u011fi b\u00f6lge, felcin seviyesi, hastan\u0131n ya\u015f\u0131, genel sa\u011fl\u0131k durumunun hepsi dikkate al\u0131narak ki\u015fiye \u00f6zel <a href=\"http:\/\/eksensaglik.com\/fr\/yatili-fizik-tedavi-merkezi\/\" target=\"_blank\" rel=\"noopener noreferrer\"><strong>fizik tedavi<\/strong><\/a> plan\u0131 doktor muayenesinden sonra haz\u0131rlan\u0131p, <strong>fizyoterapistler<\/strong> taraf\u0131ndan uygulan\u0131r.<\/p>\n<h2 style=\"text-align: justify;\">Quels sont les facteurs affectant le succ\u00e8s de la th\u00e9rapie physique?<\/h2>\n<p style=\"text-align: justify;\" class=\"translation-block\">Do\u011fru bir <strong>fizik tedavi ve rehabilitasyon<\/strong> program\u0131n\u0131n yan\u0131 s\u0131ra ba\u015far\u0131y\u0131 etkileyen \u00e7e\u015fitli fakt\u00f6rler vard\u0131r. Bunlar;<\/p>\n<ul>\n<li style=\"text-align: justify;\">Niveau de blessure<\/li>\n<li style=\"text-align: justify;\">La blessure est-elle partielle ou compl\u00e8te?<\/li>\n<li style=\"text-align: justify;\">Autres probl\u00e8mes m\u00e9dicaux associ\u00e9s<\/li>\n<li style=\"text-align: justify;\" class=\"translation-block\">Hastan\u0131n <strong>fizik tedavi<\/strong>ye kat\u0131l\u0131m\u0131<\/li>\n<li style=\"text-align: justify;\">Soutien de la famille<\/li>\n<\/ul>\n<h2 style=\"text-align: justify;\">Que comprend le programme de physioth\u00e9rapie et de r\u00e9adaptation pour patients hospitalis\u00e9s?<\/h2>\n<p style=\"text-align: justify;\">Tout d&#039;abord, le patient doit \u00eatre plac\u00e9 dans la position de lit appropri\u00e9e et sa rotation doit \u00eatre effectu\u00e9e toutes les 2 heures pour \u00e9viter la formation de plaie.<\/p>\n<p style=\"text-align: justify;\">Des exercices articulaires passifs et actifs, des exercices d&#039;\u00e9tirement, des exercices de renforcement, des \u00e9tudes au lit devraient commencer au d\u00e9but.<\/p>\n<p style=\"text-align: justify;\">Peu \u00e0 peu, les \u00e9tudes sur table basculante sont tr\u00e8s importantes pour r\u00e9duire la tension art\u00e9rielle basse, alourdir la charge et vous pr\u00e9parer \u00e0 vous lever.<\/p>\n<p style=\"text-align: justify;\" class=\"translation-block\"><strong>Omurilik parapleji fel\u00e7li<\/strong> hastan\u0131n yataktan tekerlekli sandalyeye veya herhangi ba\u015fka bir yere ge\u00e7i\u015flerinde ba\u011f\u0131ms\u0131zl\u0131k kazanmas\u0131 hedeflenir.<\/p>\n<p style=\"text-align: justify;\" class=\"translation-block\">Bu profesyonel bir transfer e\u011fitimi ile hastaya kazand\u0131r\u0131l\u0131r. Yine aya\u011fa kald\u0131rma, y\u00fcr\u00fcme e\u011fitimleri i\u00e7in \u00e7e\u015fitli<a href=\"http:\/\/eksensaglik.com\/fr\/fizik-tedavi-ve-rehabilitasyon\/\" target=\"_self\"><strong> fizik tedavi ve rehabilitasyon<\/strong><\/a> teknikleri kullan\u0131larak \u00e7al\u0131\u015fmalar yap\u0131lmaktad\u0131r.<\/p>\n<p style=\"text-align: justify;\" class=\"translation-block\">Bunlar\u0131n d\u0131\u015f\u0131nda ba\u011f\u0131rsak ve mesane rehabilitasyonu da <strong>omurilik parapleji fel\u00e7li<\/strong> hasta i\u00e7in b\u00fcy\u00fck \u00f6nem arz etmektedir.<\/p>\n<p style=\"text-align: justify;\" class=\"translation-block\"><strong>Yat\u0131l\u0131 fizik tedavi<\/strong> ve rehabilitasyon seans \u00fccretleri hastan\u0131n kurumumuzda ald\u0131\u011f\u0131 seans ve bak\u0131m hizmetine g\u00f6re de\u011fi\u015fmektedir. Kurumumuzda odalar\u0131m\u0131z tek yatakl\u0131, \u00e7ift, \u00fc\u00e7 ve d\u00f6rt yatakl\u0131 olarak de\u011fi\u015fmektedir. Oda fiyatlar\u0131n\u0131 bizimle <a href=\"http:\/\/eksensaglik.com\/fr\/iletisim\/\" target=\"_blank\" rel=\"noopener noreferrer\">ileti\u015fim<\/a> kurarak alabilirsiniz. Kurumumuzun \u015fartlar\u0131 ile alakal\u0131 <a href=\"http:\/\/eksensaglik.com\/fr\/fotograf-galerisi\/\" target=\"_blank\" rel=\"noopener noreferrer\">Galeriyi gezebilirsiniz<\/a>.<\/p>\n<p style=\"text-align: justify;\" class=\"translation-block\"><strong>Eksen Sa\u011fl\u0131k Yat\u0131l\u0131 fizik tedavi ve rehabilitasyon merkezi<\/strong>mizin SGK ile anla\u015fmas\u0131 bulunmamaktad\u0131r. \u00dccretler ile alakal\u0131 yine bizleri <a href=\"http:\/\/eksensaglik.com\/fr\/iletisim\/\" target=\"_blank\" rel=\"noopener noreferrer\">arayabilirsiniz<\/a>.<br>\r\nSa\u011fl\u0131kl\u0131 g\u00fcnler dileriz.<\/p>\n<p>Nous vous souhaitons une bonne journ\u00e9e!<\/p>\n<p class=\"translation-block\"><a href=\"https:\/\/youtube.com\/eksensaglik\" target=\"_blank\" rel=\"noopener\">Youtube<\/a> videolar\u0131m\u0131za g\u00f6z atabilirsiniz..<\/p>\n<p>&nbsp;<\/p>\n<p><span style=\"font-size: 14pt;\"><a href=\"http:\/\/eksensaglik.com\/fr\/iletisim\/\"><span style=\"background-color: #000080; color: #ffffff;\"><strong>INFO DE CONTACT<\/strong><\/span><\/a><\/span><\/p>","protected":false},"excerpt":{"rendered":"<p>Omurilik Parapleji Felci Nedir? Omurilik (Parapleji) Felci; y\u00fcksekten d\u00fc\u015fme, ate\u015fli silah yaralanmalar\u0131, omurili\u011fe \u015fiddetli darbe veya trafik kazalar\u0131 sonras\u0131 omurili\u011fin yaralanmas\u0131 sonucunda ortaya \u00e7\u0131kan bir durumdur. Ayr\u0131ca enfeksiyonlar ve t\u00fcm\u00f6rler, damarsal bozukluklar gibi sebepler de omurilikte lezyon yapabilirler. Bu nedenle omurilik felci olduk\u00e7a s\u0131k bir \u015fekilde g\u00f6r\u00fclmektedir. Beraberinde getirdi\u011fi fiziksel, psikolojik ve ekonomik sorunlar ile &hellip; <\/p>\n<p class=\"link-more\"><a href=\"https:\/\/eksensaglik.com\/fr\/omurilik-parapleji-felci\/\" class=\"more-link\">Continuer la lecture<span class=\"screen-reader-text\"> de &laquo;&nbsp;Omurilik Parapleji Felci Nedir? #video&nbsp;&raquo;<\/span><\/a><\/p>","protected":false},"author":1,"featured_media":1570,"comment_status":"open","ping_status":"closed","sticky":false,"template":"","format":"standard","meta":{"jetpack_post_was_ever_published":false,"_jetpack_newsletter_access":"","_jetpack_dont_email_post_to_subs":false,"_jetpack_newsletter_tier_id":0,"_jetpack_memberships_contains_paywalled_content":false,"_jetpack_memberships_contains_paid_content":false,"footnotes":""},"categories":[217,397,65],"tags":[242,54,324,272,319,13,56,326,321,241,322,323,327,224,115,320,276,325,313],"class_list":["post-1555","post","type-post","status-publish","format-standard","has-post-thumbnail","hentry","category-fizik-tedavi-ve-rehabilitasyon","category-norolojik-rehabilitasyon","category-yazilar","tag-atasehir","tag-bakimevi","tag-bakimi","tag-felc","tag-fizik","tag-hasta","tag-istanbul","tag-konaklamali","tag-merkezi","tag-merkezleri","tag-nasil","tag-nedir","tag-omurga","tag-omurilik-parapleji-felci","tag-rehabilitasyon","tag-tedavi","tag-tedavisi","tag-yatarak","tag-yatili"],"jetpack_featured_media_url":"https:\/\/eksensaglik.com\/wp-content\/uploads\/2017\/05\/Eksen-saglik-yatili-fizik-tedavi-merkezi-omurilik-felci-parapleji-e1496144642899.jpg","jetpack_sharing_enabled":true,"_links":{"self":[{"href":"https:\/\/eksensaglik.com\/fr\/wp-json\/wp\/v2\/posts\/1555","targetHints":{"allow":["GET"]}}],"collection":[{"href":"https:\/\/eksensaglik.com\/fr\/wp-json\/wp\/v2\/posts"}],"about":[{"href":"https:\/\/eksensaglik.com\/fr\/wp-json\/wp\/v2\/types\/post"}],"author":[{"embeddable":true,"href":"https:\/\/eksensaglik.com\/fr\/wp-json\/wp\/v2\/users\/1"}],"replies":[{"embeddable":true,"href":"https:\/\/eksensaglik.com\/fr\/wp-json\/wp\/v2\/comments?post=1555"}],"version-history":[{"count":1,"href":"https:\/\/eksensaglik.com\/fr\/wp-json\/wp\/v2\/posts\/1555\/revisions"}],"predecessor-version":[{"id":9641,"href":"https:\/\/eksensaglik.com\/fr\/wp-json\/wp\/v2\/posts\/1555\/revisions\/9641"}],"wp:featuredmedia":[{"embeddable":true,"href":"https:\/\/eksensaglik.com\/fr\/wp-json\/wp\/v2\/media\/1570"}],"wp:attachment":[{"href":"https:\/\/eksensaglik.com\/fr\/wp-json\/wp\/v2\/media?parent=1555"}],"wp:term":[{"taxonomy":"category","embeddable":true,"href":"https:\/\/eksensaglik.com\/fr\/wp-json\/wp\/v2\/categories?post=1555"},{"taxonomy":"post_tag","embeddable":true,"href":"https:\/\/eksensaglik.com\/fr\/wp-json\/wp\/v2\/tags?post=1555"}],"curies":[{"name":"wp","href":"https:\/\/api.w.org\/{rel}","templated":true}]}}