{"id":5671,"date":"2020-03-02T13:44:00","date_gmt":"2020-03-02T13:44:00","guid":{"rendered":"http:\/\/eksensaglik.com\/?p=5671"},"modified":"2026-02-20T12:42:49","modified_gmt":"2026-02-20T12:42:49","slug":"kalca-kirigi-sonrasi-rehabilitasyon","status":"publish","type":"post","link":"https:\/\/eksensaglik.com\/es\/kalca-kirigi-sonrasi-rehabilitasyon\/","title":{"rendered":"Kal\u00e7a K\u0131r\u0131\u011f\u0131 Sonras\u0131 Rehabilitasyon &#8211; 1"},"content":{"rendered":"<h2>Rehabilitaci\u00f3n despu\u00e9s de una fractura de cadera<\/h2>\n<h3>Fracturas de cadera<\/h3>\n<p><strong>fractura de cadera ,<\/strong> Puede ocurrir en el extremo superior redondeado del f\u00e9mur, justo debajo de la cabeza (cuello) de la parte angosta del muslo, o en las crestas en el \u00e1rea m\u00e1s grande justo debajo del cuello.<\/p>\n<p>Las fracturas de cadera generalmente ocurren en personas de edad avanzada y generalmente ocurren en personas con osteoporosis (p\u00e9rdida \u00f3sea) despu\u00e9s de una ca\u00edda menor.<\/p>\n<p>Por lo general, mover la pierna afectada (estar de pie y caminar) provoca un dolor intenso.<\/p>\n<p>Los m\u00e9dicos confirman el diagn\u00f3stico con radiograf\u00edas o, a veces, con otras pruebas de imagen.<\/p>\n<p><em><strong>La cirug\u00eda generalmente se realiza para reparar la cadera o, a veces, para reemplazar la articulaci\u00f3n.<\/strong><\/em><\/p>\n<h2>Rehabilitaci\u00f3n en fractura de cadera<\/h2>\n<p><strong>De la cirug\u00eda de fractura de cadera<\/strong> Posteriormente, la fisioterapia y la rehabilitaci\u00f3n se inician lo antes posible, generalmente en el transcurso de un d\u00eda.<\/p>\n<ul>\n<li><strong>primer objetivo,<\/strong> permitir que las personas alcancen la fuerza muscular que ten\u00edan antes de la fractura al mantener a los pacientes m\u00f3viles y prevenir la p\u00e9rdida de tono muscular<\/li>\n<li><strong>el segundo objetivo<\/strong> Es para prevenir problemas como co\u00e1gulos de sangre y \u00falceras por presi\u00f3n causados por el reposo en cama.<\/li>\n<li><strong>Si el objetivo final<\/strong>El objetivo es recuperar su capacidad de caminar como antes de la fractura de cadera.<\/li>\n<\/ul>\n<h3>Altura correcta para bastones<\/h3>\n<p>En pacientes que se recuperan de una lesi\u00f3n o cirug\u00eda en la pierna, es importante usar un bast\u00f3n de la altura correcta.<\/p>\n<p>Un bast\u00f3n demasiado largo o demasiado corto puede causar dolor lumbar, postura y desequilibrio.<\/p>\n<p>El bast\u00f3n debe sujetarse del lado opuesto a la pierna lesionada.<\/p>\n<p><img fetchpriority=\"high\" decoding=\"async\" class=\"alignnone wp-image-5672 size-medium\" src=\"http:\/\/eksensaglik.com\/wp-content\/uploads\/2020\/03\/baston-kullanimi-300x236.jpg\" alt=\"uso de bast\u00f3n para fractura de cadera\" width=\"300\" height=\"236\" title=\"\" srcset=\"https:\/\/eksensaglik.com\/wp-content\/uploads\/2020\/03\/baston-kullanimi-300x236.jpg 300w, https:\/\/eksensaglik.com\/wp-content\/uploads\/2020\/03\/baston-kullanimi.jpg 461w\" sizes=\"(max-width: 300px) 100vw, 300px\" \/><\/p>\n<p>Tan pronto como sea posible, a veces dentro de las horas posteriores a la cirug\u00eda, se debe alentar a las personas a sentarse en una silla.<\/p>\n<p>Sentarse reduce el riesgo de \u00falceras por presi\u00f3n y co\u00e1gulos de sangre y facilita la transici\u00f3n a ponerse de pie.<\/p>\n<p>Se les debe ense\u00f1ar a hacer ejercicios diarios para fortalecer los m\u00fasculos del tronco y los brazos y, a veces, ejercicios para fortalecer los m\u00fasculos grandes de ambas piernas.<\/p>\n<p>Se les anima a pararse sobre su pierna buena, generalmente con la ayuda de otra persona o agarr\u00e1ndose de una silla o barandilla de la cama, generalmente dentro del primer d\u00eda despu\u00e9s de la cirug\u00eda.<\/p>\n<h4>Al realizar estos ejercicios, se indica a las personas que solo toquen la punta de los dedos de la pierna lesionada.<\/h4>\n<p>A menudo se anima al paciente a poner todo su peso sobre la pierna lesionada el segundo d\u00eda despu\u00e9s de la cirug\u00eda, seg\u00fan el tipo de fractura y la cirug\u00eda.<\/p>\n<p>Los ejercicios de caminata se inician despu\u00e9s de 4 a 8 d\u00edas, cuando las personas pueden cargar todo el peso sobre la pierna lesionada sin molestias y mantener un buen equilibrio.<br \/>\nLos ejercicios para subir escaleras se inician inmediatamente despu\u00e9s de reanudar la marcha.<\/p>\n<p>Adem\u00e1s, se puede ense\u00f1ar a los pacientes c\u00f3mo usar un bast\u00f3n u otro dispositivo de asistencia y c\u00f3mo reducir el riesgo de ca\u00eddas.<\/p>\n<p>Durante varios meses (1 a 3 meses) despu\u00e9s del alta, se deben tomar precauciones para evitar lesiones.<\/p>\n<p>Los pacientes deben hacer ejercicios diarios para fortalecer los m\u00fasculos de la pierna y el tronco afectados.<\/p>\n<p>Se recomienda no levantar, empujar objetos pesados o sentarse en una silla por largos periodos de tiempo, pararse o saltar.<\/p>\n<p>No se deben cruzar las piernas mientras se est\u00e1 sentado.<\/p>\n<p>Los fisioterapeutas deben ense\u00f1ar a las personas a realizar sus actividades diarias de manera segura mientras curan las caderas de los pacientes.<\/p>\n<p>Por ejemplo, las personas deben alinear sus caderas correctamente (en la posici\u00f3n no doblada) y sentarse en un taburete alto mientras lavan o planchan los platos.<\/p>\n<p>Los pacientes deben usar dispositivos con mangos largos (como cepillos para el cabello, calzadores) que no tengan que agacharse con frecuencia.<\/p>\n<p>Incluso despu\u00e9s de que la cadera se haya curado, se recomienda evitar ciertos deportes y actividades extenuantes.<\/p>\n<h3>Puede llamarnos para una cita:<\/h3>\n<h2><a href=\"tel:+902165180518\">0216 518 0 518<\/a><\/h2>\n<h2><span id=\"Felc_tedavi_Merkezinde_Ne_Tur_Hizmetler_Sunulmaktadir\">\u00bfQu\u00e9 tipo de servicios se ofrecen en el Centro de Tratamiento de Par\u00e1lisis?<\/span><\/h2>\n<p><strong><a href=\"https:\/\/eksensaglik.com\/es\/yatarak-fizik-tedavi-ve-rehabilitasyon-hizmeti\/\">Fisioterapia para pacientes hospitalizados<\/a><\/strong>\u00a0y\u00a0<strong>rehabilitaci\u00f3n<\/strong>\u00a0Los servicios de tratamiento que ofrecemos en nuestro centro son los siguientes:<\/p>\n<h2><span id=\"NOROLOJIK_REHABILITASYON\">REHABILITACI\u00d3N NEUROL\u00d3GICA<\/span><\/h2>\n<ul>\n<li><a href=\"http:\/\/eksensaglik.com\/es\/felc-inme-rehabilitasyonu\/\" target=\"_blank\" rel=\"noopener noreferrer\">Fel\u00e7 (\u0130nme &#8211; Hemipleji) Tedavisi<\/a><\/li>\n<li>Sa\u011f\/Sol Taraf <a href=\"https:\/\/eksensaglik.com\/es\/yatili-hasta-takibi-felc-tedavisi\/\">Tratamiento de la par\u00e1lisis<\/a><\/li>\n<li><a href=\"https:\/\/eksensaglik.com\/es\/hizmetlerimiz\/felc-inme-hemipleji-tedavisi\/\">Beyin Kanamas\u0131<\/a> Sonras\u0131 Rehabilitasyon<\/li>\n<li>Rehabilitaci\u00f3n despu\u00e9s de lanzar co\u00e1gulos<\/li>\n<li>Parcial\u00a0<strong><a href=\"https:\/\/eksensaglik.com\/es\/yatili-hasta-takibi-felc-tedavisi\/\">Tratamiento de la par\u00e1lisis<\/a><\/strong><\/li>\n<li>Rehabilitaci\u00f3n de tumores cerebrales y medulares<\/li>\n<li><a href=\"https:\/\/eksensaglik.com\/es\/hizmetlerimiz\/kanser-rehabilitasyonu\/\">Rehabilitaci\u00f3n del c\u00e1ncer<\/a><\/li>\n<li><a href=\"https:\/\/eksensaglik.com\/es\/hizmetlerimiz\/parkinson-tedavisi\/\">Tratamiento de Parkinson<\/a><\/li>\n<li>Tratamiento de esclerosis m\u00faltiple (EM)<\/li>\n<li>Tratamiento de la par\u00e1lisis de la m\u00e9dula espinal<\/li>\n<li>Rehabilitaci\u00f3n de Ataxia<\/li>\n<li>Rehabilitaci\u00f3n Gullian-Barre<\/li>\n<li><a href=\"http:\/\/eksensaglik.com\/es\/ergoterapi\/\" target=\"_blank\" rel=\"noopener noreferrer\">Terapia Ocupacional (Terapia Ocupacional)<\/a><\/li>\n<li>Terapia del habla<\/li>\n<li>Rehabilitaci\u00f3n en cama<\/li>\n<li><a href=\"https:\/\/eksensaglik.com\/es\/hizmetlerimiz\/yutma-rehabilitasyonu\/\">Rehabilitaci\u00f3n de degluci\u00f3n<\/a><\/li>\n<li>NG&#8217;li PEG&#8217;li Hasta Rehabilitasyonu<\/li>\n<\/ul>\n<h2><span id=\"ORTOPEDIK_REHABILITASYON\">REHABILITACI\u00d3N ORTOP\u00c9DICA<\/span><\/h2>\n<ul>\n<li>Rehabilitaci\u00f3n despu\u00e9s de pr\u00f3tesis de cadera y rodilla<\/li>\n<li>Rehabilitaci\u00f3n despu\u00e9s de f\u00e9mur y fractura de cadera<\/li>\n<li>Ameliyat &#8211; Cerrahi Sonras\u0131 Fizik Tedavi &amp; Rehabilitasyon<\/li>\n<li><a href=\"https:\/\/turanuslu.net\/bel-fitigi\" target=\"_blank\" rel=\"noopener noreferrer\">Tratamiento de hernia lumbar y de cuello<\/a><\/li>\n<li>Tratamiento de fibromialgia<\/li>\n<li>Tratamiento de calcificaci\u00f3n (osteoartritis)<\/li>\n<li>Tratamiento de reumatismo<\/li>\n<li>Tratamiento de la ci\u00e1tica<\/li>\n<li>Tratamiento del s\u00edndrome de Priformis<\/li>\n<li>Tratamiento de dolor muscular y dolor cr\u00f3nico<\/li>\n<li>Rehabilitaci\u00f3n en cama<\/li>\n<\/ul>\n<h2><span id=\"GERIATRIK_REHABILITASYON\">REHABILITACI\u00d3N GERI\u00c1TRICA<\/span><\/h2>\n<ul>\n<li>Rehabilitaci\u00f3n de demencia<\/li>\n<li>Rehabilitaci\u00f3n de Alzheimer<\/li>\n<li>Tratamiento de miedo a la ca\u00edda<\/li>\n<li>Rehabilitaci\u00f3n de la marcha<\/li>\n<li>Tratamiento del trastorno del equilibrio<\/li>\n<li>Rehabilitaci\u00f3n preventiva (aumento de la fuerza muscular articular)<\/li>\n<li>Rehabilitaci\u00f3n cognitiva<\/li>\n<li>Rehabilitaci\u00f3n en cama<\/li>\n<\/ul>\n<p class=\"translation-block\">Yat\u0131l\u0131 fizik tedavi ve rehabilitasyon seans \u00fccretleri hastan\u0131n kurumumuzda ald\u0131\u011f\u0131 seans ve bak\u0131m hizmetine g\u00f6re de\u011fi\u015fmektedir. Kurumumuzda odalar\u0131m\u0131z tek yatakl\u0131, \u00e7ift, \u00fc\u00e7 ve d\u00f6rt yatakl\u0131 olarak de\u011fi\u015fmektedir. Oda fiyatlar\u0131n\u0131 bizimle&nbsp;<a href=\"http:\/\/eksensaglik.com\/es\/iletisim\/\" target=\"_blank\" rel=\"noopener noreferrer\">ileti\u015fim<\/a>&nbsp;kurarak alabilirsiniz. Kurumumuzun \u015fartlar\u0131 ile alakal\u0131&nbsp;<a href=\"http:\/\/eksensaglik.com\/es\/fotograf-galerisi\/\" target=\"_blank\" rel=\"noopener noreferrer\">Galeriyi gezebilirsiniz<\/a>.<\/p>\n<p class=\"translation-block\"><strong>Eksen Yat\u0131l\u0131 fizik tedavi ve rehabilitasyon merkezi<\/strong>mizin <strong>SGK<\/strong> ile anla\u015fmas\u0131 bulunmamaktad\u0131r. \u00dccretler ile alakal\u0131 yine bizleri <a href=\"http:\/\/eksensaglik.com\/es\/iletisim\/\" target=\"_blank\" rel=\"noopener noreferrer\">arayabilirsiniz<\/a>.<br>\r\nSa\u011fl\u0131kl\u0131 g\u00fcnler dileriz.<\/p>","protected":false},"excerpt":{"rendered":"<p>Kal\u00e7a K\u0131r\u0131\u011f\u0131 Sonras\u0131 Rehabilitasyon Kal\u00e7a k\u0131r\u0131klar\u0131 Kal\u00e7a k\u0131r\u0131\u011f\u0131 , uyluk kemi\u011finin yuvarlak \u00fcst ucunda, uylu\u011fun dar k\u0131sm\u0131n\u0131n ba\u015f\u0131n (boynun) hemen alt\u0131nda veya boynun hemen alt\u0131ndaki daha geni\u015f alandaki \u00e7\u0131k\u0131nt\u0131larda meydana gelebilir. Kal\u00e7a k\u0131r\u0131klar\u0131 genellikle ya\u015fl\u0131larda g\u00f6r\u00fcl\u00fcr ve genellikle osteoporozu (kemik erimesi) olan ki\u015filerde k\u00fc\u00e7\u00fck bir d\u00fc\u015fmeden sonra meydana gelir. Genellikle, etkilenen baca\u011f\u0131n hareket ettirilmesi (ayakta &hellip; <\/p>\n<p class=\"link-more\"><a href=\"https:\/\/eksensaglik.com\/es\/kalca-kirigi-sonrasi-rehabilitasyon\/\" class=\"more-link\">Continuar leyendo<span class=\"screen-reader-text\"> &#8220;Kal\u00e7a K\u0131r\u0131\u011f\u0131 Sonras\u0131 Rehabilitasyon &#8211; 1&#8221;<\/span><\/a><\/p>","protected":false},"author":1,"featured_media":5673,"comment_status":"open","ping_status":"closed","sticky":false,"template":"","format":"standard","meta":{"jetpack_post_was_ever_published":false,"_jetpack_newsletter_access":"","_jetpack_dont_email_post_to_subs":false,"_jetpack_newsletter_tier_id":0,"_jetpack_memberships_contains_paywalled_content":false,"_jetpack_memberships_contains_paid_content":false,"footnotes":""},"categories":[395,398,65],"tags":[],"class_list":["post-5671","post","type-post","status-publish","format-standard","has-post-thumbnail","hentry","category-felc-inme-tedavisi","category-ortopedik-rehabilitasyon","category-yazilar"],"jetpack_featured_media_url":"https:\/\/eksensaglik.com\/wp-content\/uploads\/2020\/03\/kalca-kirigi-rehabilitasyonu-eksen-saglik-yatili-fizik-tedavi.jpg","jetpack_sharing_enabled":true,"_links":{"self":[{"href":"https:\/\/eksensaglik.com\/es\/wp-json\/wp\/v2\/posts\/5671","targetHints":{"allow":["GET"]}}],"collection":[{"href":"https:\/\/eksensaglik.com\/es\/wp-json\/wp\/v2\/posts"}],"about":[{"href":"https:\/\/eksensaglik.com\/es\/wp-json\/wp\/v2\/types\/post"}],"author":[{"embeddable":true,"href":"https:\/\/eksensaglik.com\/es\/wp-json\/wp\/v2\/users\/1"}],"replies":[{"embeddable":true,"href":"https:\/\/eksensaglik.com\/es\/wp-json\/wp\/v2\/comments?post=5671"}],"version-history":[{"count":1,"href":"https:\/\/eksensaglik.com\/es\/wp-json\/wp\/v2\/posts\/5671\/revisions"}],"predecessor-version":[{"id":9598,"href":"https:\/\/eksensaglik.com\/es\/wp-json\/wp\/v2\/posts\/5671\/revisions\/9598"}],"wp:featuredmedia":[{"embeddable":true,"href":"https:\/\/eksensaglik.com\/es\/wp-json\/wp\/v2\/media\/5673"}],"wp:attachment":[{"href":"https:\/\/eksensaglik.com\/es\/wp-json\/wp\/v2\/media?parent=5671"}],"wp:term":[{"taxonomy":"category","embeddable":true,"href":"https:\/\/eksensaglik.com\/es\/wp-json\/wp\/v2\/categories?post=5671"},{"taxonomy":"post_tag","embeddable":true,"href":"https:\/\/eksensaglik.com\/es\/wp-json\/wp\/v2\/tags?post=5671"}],"curies":[{"name":"wp","href":"https:\/\/api.w.org\/{rel}","templated":true}]}}