{"id":5279,"date":"2019-10-10T14:05:18","date_gmt":"2019-10-10T14:05:18","guid":{"rendered":"http:\/\/eksensaglik.com\/?p=5279"},"modified":"2026-02-20T12:36:14","modified_gmt":"2026-02-20T12:36:14","slug":"beyin-damar-tikanikligi-ne-kadar-surer","status":"publish","type":"post","link":"https:\/\/eksensaglik.com\/es\/beyin-damar-tikanikligi-ne-kadar-surer\/","title":{"rendered":"\u00bfCu\u00e1nto tiempo dura la oclusi\u00f3n cerebrovascular?"},"content":{"rendered":"<h2 class=\"p1\"><span class=\"s1\">\u00bfCu\u00e1nto tiempo dura la oclusi\u00f3n cerebrovascular?<\/span><\/h2>\n<p class=\"p1\"><strong><span class=\"s1\">Tratamiento de oclusi\u00f3n cerebrovascular<\/span><\/strong><\/p>\n<p class=\"p1\"><span class=\"s1\">Si sospecha que usted o alguien cercano a usted tiene una oclusi\u00f3n vascular cerebral, debe llamar inmediatamente al 911 y buscar ayuda profesional.<\/span><\/p>\n<h3 class=\"p1\"><span class=\"s1\">1) Angiograf\u00eda cerebral y disoluci\u00f3n de co\u00e1gulos<\/span><\/h3>\n<p class=\"p1\"><span class=\"s1\"><strong>Cerebro<\/strong> <strong>aterosclerosis<\/strong> Si se debe a un co\u00e1gulo, la arteria cerebral ocluida y el co\u00e1gulo se detectan mediante angiograf\u00eda cerebral. Posteriormente, se tira del co\u00e1gulo y se retira con un alambre fino dirigido que se env\u00eda a trav\u00e9s de la vena. <\/span><\/p>\n<p class=\"p1\"><span class=\"s1\">De esta manera <strong>oclusi\u00f3n vascular cerebral<\/strong> se abre. Cuanto antes acceda el paciente a esta intervenci\u00f3n intervencionista,\u00a0<strong>oclusi\u00f3n de la arteria cerebral<\/strong> cuanto mayor sea la probabilidad de que no cause da\u00f1os permanentes.<\/span><\/p>\n<p class=\"p1\"><span class=\"s1\">Terapia trombol\u00edtica:\u00a0<strong>Co\u00e1gulo<\/strong>En lugar de retirarlo y retirarlo mec\u00e1nicamente con la ayuda de un alambre, tambi\u00e9n se puede destruir fundi\u00e9ndolo con productos qu\u00edmicos aplicados por v\u00eda intravenosa. El activador tisular del plasmin\u00f3geno (tPA) se utiliza en el tratamiento.<\/span><\/p>\n<h3 class=\"p1\"><span class=\"s1\">2) Intervenci\u00f3n quir\u00fargica<\/span><\/h3>\n<p class=\"p1\"><span class=\"s1\">Si hay un bloqueo en las venas yugulares, un coraz\u00f3n <strong>vena<\/strong> Puede ser necesaria una cirug\u00eda de endarectom\u00eda carot\u00eddea a cargo del cirujano. <\/span><\/p>\n<p class=\"p1\"><span class=\"s1\">En caso de edema cerebral, es posible que sea necesario abrir el cr\u00e1neo del paciente si no hay respuesta al tratamiento con manitol. De esta forma, se reduce la presi\u00f3n intracraneal.<\/span><\/p>\n<h3 class=\"p1\"><span class=\"s1\">3) Tratamientos con medicamentos<\/span><\/h3>\n<p class=\"p1\"><span class=\"s1\"><strong>Oclusi\u00f3n vascular cerebral<\/strong> El tratamiento farmacol\u00f3gico, que es bueno, se inicia con anticoagulantes como Plavix con la hospitalizaci\u00f3n del paciente. Al recibir el alta, se le puede pedir que contin\u00fae tomando anticoagulantes como la aspirina.<\/span><\/p>\n<ul class=\"ul1\">\n<li class=\"li1\"><span class=\"s1\"><strong>Removedor de co\u00e1gulos<\/strong> como enzima estreproquinasa.<\/span><\/li>\n<li class=\"li1\"><span class=\"s1\">Si el paciente tiene fiebre alta, se puede iniciar un tratamiento con antibi\u00f3ticos ya que la inflamaci\u00f3n de la v\u00e1lvula card\u00edaca puede estar en duda.<\/span><\/li>\n<\/ul>\n<p class=\"p1\"><span class=\"s1\"><strong>Oclusi\u00f3n cerebrovascular<\/strong> Tiempo de recuperaci\u00f3n<\/span><\/p>\n<p class=\"p1\"><span class=\"s1\">Cuanto m\u00e1s urgente sea la intervenci\u00f3n para la oclusi\u00f3n vascular cerebral, menor ser\u00e1 el per\u00edodo de recuperaci\u00f3n. Pero es posible que nunca se recupere por completo del da\u00f1o cerebral.<\/span><\/p>\n<p class=\"p1\"><span class=\"s1\">La mayor parte de la mejora se producir\u00e1 en las primeras 2 semanas:<\/span><\/p>\n<ul class=\"ul1\">\n<li class=\"li1\"><span class=\"s1\">la hinchaz\u00f3n baja<\/span><\/li>\n<li class=\"li1\"><span class=\"s1\">Las funciones cerebrales se pueden restaurar en un instante<\/span><\/li>\n<li class=\"li1\"><span class=\"s1\">Los problemas que no mejoran en las primeras 2 semanas ser\u00e1n m\u00e1s dif\u00edciles de curar.<\/span><\/li>\n<\/ul>\n<p class=\"p1\"><span class=\"s1\">A largo plazo <strong>Tratos<\/strong>: Se requerir\u00e1n tratamientos a largo plazo para eliminar el factor que causa la oclusi\u00f3n de la arteria cerebral. <\/span><\/p>\n<p class=\"p1\"><span class=\"s1\">Para este prop\u00f3sito, se puede determinar cu\u00e1nta insulina necesitar\u00e1 el paciente a diario y se pueden recomendar medicamentos para la presi\u00f3n arterial. Tambi\u00e9n se proporcionar\u00e1 una recomendaci\u00f3n diet\u00e9tica adecuada.<\/span><\/p>\n<h2>\u00bfQu\u00e9 tipo de programa se lleva a cabo en nuestra instituci\u00f3n sobre el tratamiento de la par\u00e1lisis cerebral?<\/h2>\n<p>2 sesiones diarias que damos en nuestra instituci\u00f3n para los problemas de la persona como caminar y usar su mano durante el tratamiento. <strong>fisioterapia\u00a0<\/strong>Lo tratamos a trav\u00e9s de varios dispositivos de fisioterapia y programas de ejercicio adecuados en el programa.<\/p>\n<p class=\"translation-block\">E\u015f zamanl\u0131 olarak profes\u00f6r doktor&nbsp;kadromuzdan olu\u015fan ekip ile, uygulanan&nbsp;<strong>fizik tedavi<\/strong>&nbsp;program\u0131, medikal&nbsp;tedavi ile desteklenip, takip edilmektedir.<\/p>\n<p class=\"translation-block\">Amac\u0131m\u0131z<strong>&nbsp;beyin felci<\/strong>&nbsp;sonras\u0131 ortaya \u00e7\u0131kan problemleri ekip halinde&nbsp;\u00e7al\u0131\u015farak en k\u0131sa zamanda, en iyi \u015fekilde ortadan kald\u0131rmakt\u0131r.<\/p>\n<p>\u0130stanbul anadolu yakas\u0131 Ata\u015fehir&#8217;de bulunan Eksen Bak\u0131m <a href=\"https:\/\/eksensaglik.com\/es\/yatarak-fizik-tedavi-ve-rehabilitasyon-hizmeti\/\">Fisioterapia para pacientes hospitalizados<\/a> ve Rehabilitasyon merkezi olarak\u00a0<strong>fractura de f\u00e9mur<\/strong>\u00a0para nuestros pacientes\u00a0<a href=\"http:\/\/eksensaglik.com\/es\/kadromuz\/\" target=\"_blank\" rel=\"noopener noreferrer\">nuestros m\u00e9dicos<\/a>\u00a0tiene un programa de fisioterapia y rehabilitaci\u00f3n.<\/p>\n<p class=\"translation-block\">Ayr\u0131ca&nbsp;<strong><a href=\"https:\/\/istanbulbakimevi.com\" target=\"_blank\" rel=\"noopener\">Bak\u0131m<\/a> ekibimiz<\/strong>&nbsp;taraf\u0131ndan refakat\u00e7iye gerek duyulmadan 7\/24 A Kalite bak\u0131m hizmeti verilmektedir.<\/p>\n<p class=\"translation-block\">\u00d6ncelikle g\u00fcnl\u00fck uygulanan seanslar doktorumuzun muayenesinden sonra hastalara \u00f6zel olarak uygulanmaktad\u0131r. Onun i\u00e7in&nbsp;<a href=\"http:\/\/eksensaglik.com\/es\/yatili-fizik-tedavi-merkezi\/\" target=\"_self\"><strong>yat\u0131l\u0131 fizik tedavi<\/strong><\/a>&nbsp;g\u00f6rmesi gereken hasta \u00f6ncelikle doktor taraf\u0131ndan muayene edilip fizyoterapistler e\u015fli\u011finde&nbsp;<strong>fizik tedavi ve rehabilitasyon<\/strong>&nbsp;program\u0131 uygulan\u0131r.<\/p>\n<p><a href=\"https:\/\/eksensaglik.com\/es\/yatarak-fizik-tedavi-ve-rehabilitasyon-hizmeti\/\">fisioterapia para pacientes hospitalizados<\/a> ve rehabilitasyon seans \u00fccretleri hastan\u0131n kurumumuzda ald\u0131\u011f\u0131 seans ve bak\u0131m hizmetine g\u00f6re de\u011fi\u015fmektedir.<\/p>\n<p class=\"translation-block\">Kurumumuzda odalar\u0131m\u0131z tek yatakl\u0131, \u00e7ift, \u00fc\u00e7 ve d\u00f6rt yatakl\u0131 olarak de\u011fi\u015fmektedir. Oda fiyatlar\u0131n\u0131 bizimle&nbsp;<a href=\"http:\/\/eksensaglik.com\/es\/iletisim\/\" target=\"_blank\" rel=\"noopener noreferrer\">ileti\u015fim<\/a>&nbsp;kurarak alabilirsiniz. Kurumumuzun \u015fartlar\u0131 ile alakal\u0131&nbsp;<a href=\"http:\/\/eksensaglik.com\/es\/fotograf-galerisi\/\" target=\"_blank\" rel=\"noopener noreferrer\">Galeriyi gezebilirsiniz<\/a>.<\/p>\n<p class=\"translation-block\"><strong>Eksen Sa\u011fl\u0131k Yat\u0131l\u0131 fizik tedavi ve rehabilitasyon merkezi<\/strong>mizin SGK ile anla\u015fmas\u0131 bulunmamaktad\u0131r. \u00dccretler ile alakal\u0131 yine bizleri <a href=\"http:\/\/eksensaglik.com\/es\/iletisim\/\" target=\"_blank\" rel=\"noopener noreferrer\">arayabilirsiniz<\/a>.<br>\r\nSa\u011fl\u0131kl\u0131 g\u00fcnler dileriz.<\/p>","protected":false},"excerpt":{"rendered":"<p>Beyin Damar T\u0131kan\u0131kl\u0131\u011f\u0131 Ne Kadar S\u00fcrer? Beyin Damar T\u0131kan\u0131kl\u0131\u011f\u0131 Tedavisi Kendinizde veya yak\u0131n\u0131n\u0131zdaki bir ki\u015fide beyin damar t\u0131kan\u0131kl\u0131\u011f\u0131 oldu\u011fundan \u015f\u00fcphe ediyorsan\u0131z hemen 112 acili aramal\u0131, profesyonel destek almal\u0131s\u0131n\u0131z. 1)\u00a0Beyin Anjiyografisi Ve P\u0131ht\u0131n\u0131n \u00c7\u00f6z\u00fclmesi Beyin damar t\u0131kan\u0131kl\u0131\u011f\u0131 p\u0131ht\u0131ya ba\u011fl\u0131 ise beyin anjiyografisi ile t\u0131kanan beyin atardamar\u0131 ve p\u0131ht\u0131 tespit edilir. Sonras\u0131nda damar i\u00e7inden g\u00f6nderilen y\u00f6nlendirilmi\u015f ince &hellip; <\/p>\n<p class=\"link-more\"><a href=\"https:\/\/eksensaglik.com\/es\/beyin-damar-tikanikligi-ne-kadar-surer\/\" class=\"more-link\">Continuar leyendo<span class=\"screen-reader-text\"> &#8220;Beyin Damar T\u0131kan\u0131kl\u0131\u011f\u0131 Ne Kadar S\u00fcrer&#8221;<\/span><\/a><\/p>","protected":false},"author":1,"featured_media":5280,"comment_status":"open","ping_status":"closed","sticky":false,"template":"","format":"standard","meta":{"jetpack_post_was_ever_published":false,"_jetpack_newsletter_access":"","_jetpack_dont_email_post_to_subs":false,"_jetpack_newsletter_tier_id":0,"_jetpack_memberships_contains_paywalled_content":false,"_jetpack_memberships_contains_paid_content":false,"footnotes":""},"categories":[217,397,65],"tags":[302,271,303,171],"class_list":["post-5279","post","type-post","status-publish","format-standard","has-post-thumbnail","hentry","category-fizik-tedavi-ve-rehabilitasyon","category-norolojik-rehabilitasyon","category-yazilar","tag-beyin-damar-tikanikligi","tag-beyin-felci","tag-damar-tikanikligi","tag-felc-tedavisi"],"jetpack_featured_media_url":"https:\/\/eksensaglik.com\/wp-content\/uploads\/2019\/10\/beyin-damar-tikanikligi-ne-kadar-surer.jpg","jetpack_sharing_enabled":true,"_links":{"self":[{"href":"https:\/\/eksensaglik.com\/es\/wp-json\/wp\/v2\/posts\/5279","targetHints":{"allow":["GET"]}}],"collection":[{"href":"https:\/\/eksensaglik.com\/es\/wp-json\/wp\/v2\/posts"}],"about":[{"href":"https:\/\/eksensaglik.com\/es\/wp-json\/wp\/v2\/types\/post"}],"author":[{"embeddable":true,"href":"https:\/\/eksensaglik.com\/es\/wp-json\/wp\/v2\/users\/1"}],"replies":[{"embeddable":true,"href":"https:\/\/eksensaglik.com\/es\/wp-json\/wp\/v2\/comments?post=5279"}],"version-history":[{"count":1,"href":"https:\/\/eksensaglik.com\/es\/wp-json\/wp\/v2\/posts\/5279\/revisions"}],"predecessor-version":[{"id":9604,"href":"https:\/\/eksensaglik.com\/es\/wp-json\/wp\/v2\/posts\/5279\/revisions\/9604"}],"wp:featuredmedia":[{"embeddable":true,"href":"https:\/\/eksensaglik.com\/es\/wp-json\/wp\/v2\/media\/5280"}],"wp:attachment":[{"href":"https:\/\/eksensaglik.com\/es\/wp-json\/wp\/v2\/media?parent=5279"}],"wp:term":[{"taxonomy":"category","embeddable":true,"href":"https:\/\/eksensaglik.com\/es\/wp-json\/wp\/v2\/categories?post=5279"},{"taxonomy":"post_tag","embeddable":true,"href":"https:\/\/eksensaglik.com\/es\/wp-json\/wp\/v2\/tags?post=5279"}],"curies":[{"name":"wp","href":"https:\/\/api.w.org\/{rel}","templated":true}]}}