{"id":1832,"date":"2017-08-04T11:44:08","date_gmt":"2017-08-04T08:44:08","guid":{"rendered":"http:\/\/eksensaglik.com\/?p=1832"},"modified":"2023-06-24T06:41:46","modified_gmt":"2023-06-24T06:41:46","slug":"kalca-protezi-ameliyati-sonrasi-fizik-tedavi","status":"publish","type":"post","link":"https:\/\/eksensaglik.com\/es\/kalca-protezi-ameliyati-sonrasi-fizik-tedavi\/","title":{"rendered":"Fisioterapia despu\u00e9s del reemplazo de cadera"},"content":{"rendered":"<h2>Fisioterapia despu\u00e9s de la cirug\u00eda de reemplazo de cadera<\/h2>\n<p class=\"translation-block\"><strong>Kal\u00e7a Protezi ; Kal\u00e7a k\u0131r\u0131klar\u0131<\/strong>, hasta a\u00e7\u0131s\u0131ndan ciddi bir problem olup ayn\u0131 zamanda d\u00fcnya \u00e7ap\u0131nda kayda de\u011fer bir ekonomik y\u00fck\u00fc de beraberinde ta\u015f\u0131r.<\/p>\n<p class=\"translation-block\"><strong>Kal\u00e7a k\u0131r\u0131klar\u0131<\/strong> ya\u015fl\u0131 n\u00fcfusun art\u0131\u015f\u0131 ile beraber art\u0131\u015f g\u00f6stermektedir.<\/p>\n<p class=\"translation-block\">Kal\u00e7a k\u0131r\u0131klar\u0131 sonras\u0131nda tedavi y\u00f6ntemi daha \u00e7ok cerrahidir. <strong>Kal\u00e7a k\u0131r\u0131\u011f\u0131 ameliyat\u0131 sonras\u0131<\/strong>nda hastalar\u0131n bir\u00e7o\u011fu uzun s\u00fcreli hareketsiz kalmakta ve buna ba\u011fl\u0131 olarak baz\u0131 hareket eksiklikleri ortaya \u00e7\u0131kmaktad\u0131r.<\/p>\n<p class=\"translation-block\">Hastaneye yat\u0131r\u0131lan ya\u015fl\u0131 insanlar\u0131n b\u00fcy\u00fck oranda <strong>kal\u00e7a k\u0131r\u0131\u011f\u0131<\/strong> nedeniyle yatt\u0131\u011f\u0131 istatistiklerle ortaya konmu\u015ftur.Kal\u00e7a K\u0131r\u0131\u011f\u0131 Sonras\u0131 Fizik Tedavi ve Rehabilitasyon<\/p>\n<p class=\"translation-block\"><strong>Kal\u00e7a k\u0131r\u0131kl\u0131 hastalar<\/strong>da en iyi sonucun al\u0131nabilmesi i\u00e7in hastalar\u0131n \u00e7ok iyi bir ekibin koordinesinde <strong>Fizik Tedavi, rehabilitasyon<\/strong> ve tedavi s\u00fcrecinin ele al\u0131nmas\u0131 gerekmektedir.<\/p>\n<p>El buen manejo del proceso de rehabilitaci\u00f3n juega un papel importante en la recuperaci\u00f3n temprana y saludable del paciente con fractura de cadera.<\/p>\n<p>Por esta raz\u00f3n, es importante que los pacientes consideren un equipo de expertos, especialmente nuestro Centro Axis Care, Fisioterapia y Rehabilitaci\u00f3n.<\/p>\n<figure id=\"attachment_1833\" aria-describedby=\"caption-attachment-1833\" style=\"width: 300px\" class=\"wp-caption alignnone\"><img fetchpriority=\"high\" decoding=\"async\" class=\"wp-image-1833 size-medium\" src=\"http:\/\/eksensaglik.com\/wp-content\/uploads\/2017\/08\/kalca-protez-sonrasi-fizik-tedavi-300x200.jpg\" alt=\"Fisioterapia despu\u00e9s del reemplazo de cadera\" width=\"300\" height=\"200\" title=\"\" srcset=\"https:\/\/eksensaglik.com\/wp-content\/uploads\/2017\/08\/kalca-protez-sonrasi-fizik-tedavi-300x200.jpg 300w, https:\/\/eksensaglik.com\/wp-content\/uploads\/2017\/08\/kalca-protez-sonrasi-fizik-tedavi-768x513.jpg 768w, https:\/\/eksensaglik.com\/wp-content\/uploads\/2017\/08\/kalca-protez-sonrasi-fizik-tedavi-1024x684.jpg 1024w, https:\/\/eksensaglik.com\/wp-content\/uploads\/2017\/08\/kalca-protez-sonrasi-fizik-tedavi.jpg 1170w\" sizes=\"(max-width: 300px) 100vw, 300px\" \/><figcaption id=\"caption-attachment-1833\" class=\"wp-caption-text\">Fisioterapia despu\u00e9s del reemplazo de cadera<\/figcaption><\/figure>\n<h2>Movimientos de fisioterapia despu\u00e9s de la cirug\u00eda de reemplazo de cadera<\/h2>\n<p class=\"translation-block\"><strong>Kal\u00e7a protez ameliyat\u0131 sonras\u0131 egzersiz ve <a href=\"http:\/\/eksensaglik.com\/es\/yatili-fizik-tedavi-merkezinde-yatarak-fizik-tedavi-ve-rehabilitasyon\/\" target=\"_self\">fizik tedavi<\/a> hareketleri<\/strong> \u00f6zellikle ya\u015fl\u0131 hastalarda \u00e7ok \u00f6nemlidir. \u0130yile\u015fmeye en yararl\u0131 olan \u015fey <strong>Kal\u00e7a protez ameliyat\u0131 sonras\u0131 egzersizler<\/strong> yapmakt\u0131r.<\/p>\n<p class=\"translation-block\">Eksen Bak\u0131m, Fizik Tedavi ve Rehabilitasyon merkezimizde uzman fizyoterapistler, her hastaya uygun<strong> fizik tedavi hareketleri<\/strong> vermekte ve uygulamaktad\u0131r.<\/p>\n<h2>Consideraciones despu\u00e9s de la cirug\u00eda de pr\u00f3tesis de cadera<\/h2>\n<p>Una nutrici\u00f3n adecuada es vital para la reparaci\u00f3n \u00f3sea, especialmente para pacientes desnutridos, y para prevenir ca\u00eddas posteriores.<\/p>\n<p>El aumento del equilibrio, la mejora de la fuerza muscular y la movilidad, la prevenci\u00f3n de ca\u00eddas, la implementaci\u00f3n de estrategias de curaci\u00f3n funcional, la educaci\u00f3n del paciente y los ejercicios son los puntos m\u00e1s importantes.<\/p>\n<p class=\"translation-block\"><strong>Kal\u00e7a protez ameliyat\u0131 sonras\u0131<\/strong> bir y\u0131l s\u00fcreyle hastan\u0131n ciddi bir t\u0131bbi takibinin yap\u0131lmas\u0131 gerekir.<\/p>\n<p class=\"translation-block\">Bunun yan\u0131nda yukar\u0131da da belirtti\u011fimiz gibi <strong>fizik tedavi ve rehabilitasyon<\/strong> s\u00fcrecinin mutlaka ihmal edilmeden ba\u015flanmal\u0131 ve takip edilmelidir.<\/p>\n<p class=\"translation-block\">Eksen <strong>Bak\u0131mevi<\/strong>, Fizik Tedavi ve Rehabilitasyon Merkezi olarak <strong>rehabilitasyon<\/strong> s\u00fcrecini yak\u0131ndan takip etmekteyiz.<\/p>\n<h2>Proceso de reemplazo de cadera<\/h2>\n<p class=\"translation-block\"><strong>Kal\u00e7a k\u0131r\u0131\u011f\u0131 ne kadar s\u00fcrede iyile\u015fir<\/strong> gibi sorular sorulmakta ve <strong>kal\u00e7a protezi iyile\u015fme s\u00fcreci<\/strong> merak edilmektedir.<br>\r\nTabi ki her hastan\u0131n sa\u011fl\u0131k durumuna ve motivasyonuna g\u00f6re <strong>kal\u00e7a protezi iyile\u015fme s\u00fcreci<\/strong> de\u011fi\u015fmektedir. Kimi hastada k\u0131sa zamanda sonu\u00e7 al\u0131n\u0131rken&nbsp;kimi hastada bu s\u00fcre uzamaktad\u0131r.<\/p>\n<p class=\"translation-block\">Uygun ve do\u011fru tedavi y\u00f6netimi ile meydana gelebilecek yeni k\u0131r\u0131klar \u00f6nlenebilir. Bu konuda daha fazla risk ta\u015f\u0131yan hastalar\u0131n tespit edilip<strong> rehabilitasyon programlar\u0131<\/strong>n\u0131n yap\u0131lmas\u0131 ve tedavisi son derece \u00f6nem arzeder.<\/p>\n<p class=\"translation-block\">Neticede her ne kadar<strong> kal\u00e7a k\u0131r\u0131klar\u0131<\/strong>n\u0131n k\u00f6t\u00fc sonu\u00e7lar\u0131 olsa da do\u011fru bir <strong>rehabilitasyon<\/strong> ve tedavi s\u00fcreci ile optimal iyile\u015fme sa\u011flanabilir ve sa\u011f kal\u0131m oranlar\u0131 artabilir.<\/p>\n<p>\u00bfLe gustar\u00eda echar un vistazo a las entrevistas que realizamos con los pacientes en nuestra instituci\u00f3n?<\/p>\n<p class=\"translation-block\">Video linki: <a href=\"http:\/\/eksensaglik.com\/es\/hasta-yorumlari\/\" target=\"_self\">T\u0131klay\u0131n..<\/a><\/p>\n<p class=\"translation-block\">Ayr\u0131ca di\u011fer videolara da g\u00f6z atmak isterseniz <a href=\"https:\/\/www.youtube.com\/eksensaglik\" target=\"_blank\" rel=\"noopener\">Youtube<\/a> kanal\u0131m\u0131za bakabilirsiniz.<\/p>\n<p>Te deseamos un d\u00eda saludable.<\/p>","protected":false},"excerpt":{"rendered":"<p>Kal\u00e7a Protezi Ameliyat\u0131 Sonras\u0131 Fizik Tedavi Kal\u00e7a Protezi ; Kal\u00e7a k\u0131r\u0131klar\u0131, hasta a\u00e7\u0131s\u0131ndan ciddi bir problem olup ayn\u0131 zamanda d\u00fcnya \u00e7ap\u0131nda kayda de\u011fer bir ekonomik y\u00fck\u00fc de beraberinde ta\u015f\u0131r. Kal\u00e7a k\u0131r\u0131klar\u0131 ya\u015fl\u0131 n\u00fcfusun art\u0131\u015f\u0131 ile beraber art\u0131\u015f g\u00f6stermektedir. Kal\u00e7a k\u0131r\u0131klar\u0131 sonras\u0131nda tedavi y\u00f6ntemi daha \u00e7ok cerrahidir. Kal\u00e7a k\u0131r\u0131\u011f\u0131 ameliyat\u0131 sonras\u0131nda hastalar\u0131n bir\u00e7o\u011fu uzun s\u00fcreli hareketsiz &hellip; <\/p>\n<p class=\"link-more\"><a href=\"https:\/\/eksensaglik.com\/es\/kalca-protezi-ameliyati-sonrasi-fizik-tedavi\/\" class=\"more-link\">Continuar leyendo<span class=\"screen-reader-text\"> &#8220;Kal\u00e7a\u00a0Protezi Ameliyat\u0131\u00a0Sonras\u0131 Fizik Tedavi&#8221;<\/span><\/a><\/p>","protected":false},"author":1,"featured_media":1833,"comment_status":"open","ping_status":"closed","sticky":false,"template":"","format":"standard","meta":{"jetpack_post_was_ever_published":false,"_jetpack_newsletter_access":"","_jetpack_dont_email_post_to_subs":false,"_jetpack_newsletter_tier_id":0,"_jetpack_memberships_contains_paywalled_content":false,"_jetpack_memberships_contains_paid_content":false,"footnotes":""},"categories":[217,398,65],"tags":[3,233,234,223,115],"class_list":["post-1832","post","type-post","status-publish","format-standard","has-post-thumbnail","hentry","category-fizik-tedavi-ve-rehabilitasyon","category-ortopedik-rehabilitasyon","category-yazilar","tag-fizik-tedavi","tag-kalca-kirigi","tag-kalca-protez","tag-kalca-protez-ameliyati","tag-rehabilitasyon"],"jetpack_featured_media_url":"https:\/\/eksensaglik.com\/wp-content\/uploads\/2017\/08\/kalca-protez-sonrasi-fizik-tedavi.jpg","jetpack_sharing_enabled":true,"_links":{"self":[{"href":"https:\/\/eksensaglik.com\/es\/wp-json\/wp\/v2\/posts\/1832","targetHints":{"allow":["GET"]}}],"collection":[{"href":"https:\/\/eksensaglik.com\/es\/wp-json\/wp\/v2\/posts"}],"about":[{"href":"https:\/\/eksensaglik.com\/es\/wp-json\/wp\/v2\/types\/post"}],"author":[{"embeddable":true,"href":"https:\/\/eksensaglik.com\/es\/wp-json\/wp\/v2\/users\/1"}],"replies":[{"embeddable":true,"href":"https:\/\/eksensaglik.com\/es\/wp-json\/wp\/v2\/comments?post=1832"}],"version-history":[{"count":1,"href":"https:\/\/eksensaglik.com\/es\/wp-json\/wp\/v2\/posts\/1832\/revisions"}],"predecessor-version":[{"id":9631,"href":"https:\/\/eksensaglik.com\/es\/wp-json\/wp\/v2\/posts\/1832\/revisions\/9631"}],"wp:featuredmedia":[{"embeddable":true,"href":"https:\/\/eksensaglik.com\/es\/wp-json\/wp\/v2\/media\/1833"}],"wp:attachment":[{"href":"https:\/\/eksensaglik.com\/es\/wp-json\/wp\/v2\/media?parent=1832"}],"wp:term":[{"taxonomy":"category","embeddable":true,"href":"https:\/\/eksensaglik.com\/es\/wp-json\/wp\/v2\/categories?post=1832"},{"taxonomy":"post_tag","embeddable":true,"href":"https:\/\/eksensaglik.com\/es\/wp-json\/wp\/v2\/tags?post=1832"}],"curies":[{"name":"wp","href":"https:\/\/api.w.org\/{rel}","templated":true}]}}