{"id":1555,"date":"2017-05-30T10:55:18","date_gmt":"2017-05-30T07:55:18","guid":{"rendered":"http:\/\/eksensaglik.com\/?p=1555"},"modified":"2023-06-24T06:38:39","modified_gmt":"2023-06-24T06:38:39","slug":"omurilik-parapleji-felci","status":"publish","type":"post","link":"https:\/\/eksensaglik.com\/es\/omurilik-parapleji-felci\/","title":{"rendered":"\u00bfQu\u00e9 es la par\u00e1lisis de la paraplej\u00eda de la m\u00e9dula espinal? #v\u00eddeo"},"content":{"rendered":"<h2 style=\"text-align: justify;\">\u00bfQu\u00e9 es la par\u00e1lisis parapl\u00e9jica de la m\u00e9dula espinal?<\/h2>\n<p><iframe title=\"\u00bfQu\u00e9 es la par\u00e1lisis de la m\u00e9dula espinal y c\u00f3mo se trata? - Fisioterapeuta Cansu Erdurak\" width=\"525\" height=\"295\" src=\"https:\/\/www.youtube.com\/embed\/MpoKDYByayw?feature=oembed\" frameborder=\"0\" allow=\"accelerometer; autoplay; clipboard-write; encrypted-media; gyroscope; picture-in-picture; web-share\" referrerpolicy=\"strict-origin-when-cross-origin\" allowfullscreen><\/iframe><\/p>\n<p style=\"text-align: justify;\" class=\"translation-block\"><strong>Omurilik (Parapleji) Felci<\/strong>; y\u00fcksekten d\u00fc\u015fme, ate\u015fli silah yaralanmalar\u0131, omurili\u011fe \u015fiddetli darbe veya trafik kazalar\u0131 sonras\u0131 <strong>omurili\u011fin<\/strong> yaralanmas\u0131 sonucunda ortaya \u00e7\u0131kan bir durumdur.<\/p>\n<p style=\"text-align: justify;\">Adem\u00e1s, las infecciones y los tumores, como los trastornos vasculares, pueden causar lesiones en la m\u00e9dula espinal. Por lo tanto, la par\u00e1lisis de la m\u00e9dula espinal es bastante com\u00fan.<\/p>\n<p style=\"text-align: justify;\">Beraberinde getirdi\u011fi fiziksel, <a href=\"https:\/\/eksensaglik.com\/es\/yatili-fizik-tedavide-psikolojik-destek-ve-onemi\/\">psikolojik<\/a> ve ekonomik sorunlar ile hem bireysel hem toplumsal a\u00e7\u0131dan \u00f6nemli bir problemdir.<\/p>\n<h2 class=\"p1\"><span class=\"s1\">Par\u00e1lisis parapl\u00e9jica de la m\u00e9dula espinal, \u00bfc\u00f3mo se produce?<\/span><\/h2>\n<p class=\"p1 translation-block\"><span class=\"s1\">Las funciones de la m\u00e9dula espinal, descritas en la <strong>p\u00e1gina de anatom\u00eda de la columna y la m\u00e9dula espinal<\/strong> , pueden perderse por diversas razones. Para que la m\u00e9dula espinal pierda su funci\u00f3n, debe sufrir una presi\u00f3n debido a una enfermedad o trauma. Como resultado de esta presi\u00f3n, las \u00e1reas da\u00f1adas se vuelven incapaces de comunicarse. En otras palabras, la conexi\u00f3n entre los \u00f3rganos y el cerebro se pierde en las \u00e1reas da\u00f1adas y debajo.<\/span><\/p>\n<h3 class=\"p1\"><span class=\"s1\">Causas de la par\u00e1lisis de la m\u00e9dula espinal<\/span><\/h3>\n<p class=\"p1\"><strong><span class=\"s1\">A. Enfermedades<\/span><\/strong><\/p>\n<p class=\"p1\"><span class=\"s1\">La par\u00e1lisis de la m\u00e9dula espinal puede ocurrir como resultado de una enfermedad que se desarrolla en, alrededor y en la m\u00e9dula espinal, comprimiendo, comprimiendo o lesionando la m\u00e9dula espinal. Estos grupos de dominio se pueden agrupar en los siguientes t\u00edtulos:<\/span><\/p>\n<ol class=\"ol1\">\n<li class=\"li1 translation-block\"><span class=\"s1\">Orinas (Tumores): Puede causar par\u00e1lisis de la m\u00e9dula espinal como resultado de la presi\u00f3n de los tumores formados en la <strong>regi\u00f3n espinal-m\u00e9dula espinal hacia la m\u00e9dula espinal.<\/strong><\/span><\/li>\n<li class=\"li1\"><span class=\"s1\">Infecciones: Tuberculosis espinal (pott), meningitis, etc. Las enfermedades infecciosas causan par\u00e1lisis de la m\u00e9dula espinal como resultado de la deformaci\u00f3n de la m\u00e9dula espinal.<\/span><\/li>\n<li class=\"li1\"><span class=\"s1\">Enfermedades de los tejidos blandos: hernias espinales avanzadas, deformaciones en los tejidos que rodean la columna (ligamentos), etc. Las enfermedades que se desarrollan en los tejidos blandos tambi\u00e9n pueden causar par\u00e1lisis de la m\u00e9dula espinal.<\/span><\/li>\n<\/ol>\n<p class=\"p1\"><strong><span class=\"s1\">B. Traumas<\/span><\/strong><\/p>\n<ol class=\"ol1\">\n<li class=\"li1\"><span class=\"s1\">Accidentes de tr\u00e1fico<\/span><\/li>\n<li class=\"li1\"><span class=\"s1\">Ca\u00eddas de altura<\/span><\/li>\n<li class=\"li1\"><span class=\"s1\">Lesiones deportivas (buceo en aguas poco profundas, etc.)<\/span><\/li>\n<li class=\"li1\"><span class=\"s1\">Lesiones por arma de fuego<\/span><\/li>\n<li class=\"li1\"><strong><span class=\"s1\">Accidentes de trabajo<\/span><\/strong><\/li>\n<li class=\"li1\"><span class=\"s1\">Desastres naturales<\/span><\/li>\n<\/ol>\n<p class=\"p1\"><span class=\"s1\">\u00a0<\/span><\/p>\n<h2 class=\"p1\"><span class=\"s1\">OF&#8217;N\u0130N ETK\u0130LER\u0130<\/span><\/h2>\n<p class=\"p1 translation-block\"><span class=\"s1\"><strong>Omurilik<\/strong> zedelenmesinin d\u00fczeyleri<\/span><\/p>\n<h3 class=\"p1\"><span class=\"s1\">Tetraplej\u00eda:<\/span><\/h3>\n<p class=\"p1 translation-block\"><span class=\"s1\">Omurili\u011fin boyundan zedelenmesi sonucu kollar\u0131n hareketi, g\u00f6vdenin hissi, bacaklar\u0131n hareketi tamamen yok olur. Ki\u015fi nefes alma ve \u00f6ks\u00fcrmede g\u00fc\u00e7l\u00fck \u00e7eker. <strong>Y\u00fcz\u00fcn\u00fc<\/strong>, boynunu, omuzlar\u0131n\u0131, ellerini ve kollar\u0131n\u0131 hissedebilir fakat g\u00f6vdesini ve bacaklar\u0131n\u0131 hissedemez.<\/span><\/p>\n<h3 class=\"p1\"><span class=\"s1\">Paraplej\u00eda:<\/span><\/h3>\n<p class=\"p1 translation-block\"><span class=\"s1\"><strong>Parapleji<\/strong>, genel olarak boyundan a\u015fa\u011f\u0131daki k\u0131s\u0131mlar\u0131nda meydana gelen zedelenmelere ba\u011fl\u0131 olarak ger\u00e7ekle\u015fen <strong>fel\u00e7<\/strong> t\u00fcr\u00fcd\u00fcr. paraplejide temel olarak bacaklar\u0131n oynat\u0131lamamakla birlikte, hasar\u0131n seviyesine g\u00f6re iki kategoride ele al\u0131nmaktad\u0131r.<\/span><\/p>\n<h3 class=\"p1\"><span class=\"s1\">Paraplejia alta:<\/span><\/h3>\n<p class=\"p1\"><span class=\"s1\">La lesi\u00f3n de la m\u00e9dula espinal en la parte superior de la espalda provoca una p\u00e9rdida parcial de los movimientos del tronco y una p\u00e9rdida completa de los movimientos de las piernas. La persona puede sentir el torso de la cintura para arriba, pero no puede sentir el abdomen y las piernas.<\/span><\/p>\n<h3 class=\"p1\"><span class=\"s1\">Paraplejia baja:<\/span><\/h3>\n<p class=\"p1\"><span class=\"s1\">La lesi\u00f3n de la m\u00e9dula espinal en la zona lumbar provoca la p\u00e9rdida total o parcial del movimiento de las piernas.<\/span><\/p>\n<p class=\"p1 translation-block\"><span class=\"s1\"><strong>Omurilik<\/strong> zedelenmesini hangi d\u00fczeyde olursa olsun, ki\u015fi ba\u011f\u0131rsak ve idrar torbas\u0131n\u0131n kontrol\u00fcnde g\u00fc\u00e7l\u00fck ya\u015far.<\/span><\/p>\n<p class=\"p1 translation-block\"><span class=\"s1\"><strong>Omurilik<\/strong> zedelenmesinin dereceleri<\/span><\/p>\n<p class=\"p1 translation-block\"><span class=\"s1\">Omurilikleri zedelenen insanlar oturabilme ve hareket edebilme \u00f6zelliklerine g\u00f6re 6 ayr\u0131 derecede s\u0131n\u0131fland\u0131r\u0131lm\u0131\u015ft\u0131r. Bu dereceler zedelenme seviyesine, di\u011fer hastal\u0131k ya da hasarlara, ya\u015f, cinsiyet, fiziksel yap\u0131, motivasyon ve \u00e7evreye ba\u011fl\u0131d\u0131r. Ayn\u0131 \u015fekilde ki\u015finin <strong>omurilik<\/strong> felcini kabullenip hayat\u0131n\u0131 bu ger\u00e7ekle ve de en iyi \u015fekilde ge\u00e7irme karar\u0131na ba\u011fl\u0131d\u0131r. Ki\u015finin ailesinin, arkada\u015f \u00e7evresinin ve sa\u011fl\u0131k g\u00f6revlilerinin de cesaretlendirici ve destekleyici olmalar\u0131 b\u00fcy\u00fck \u00f6nem ta\u015f\u0131r.<\/span><\/p>\n<p class=\"p1\"><span class=\"s1\">1&#8221;den 5&#8221;e kadar olan dereceler &#8220;tetraplegia&#8221; n\u0131n farkl\u0131 s\u0131n\u0131flar\u0131d\u0131r.<\/span><\/p>\n<h3 class=\"p1\"><span class=\"s1\">1. GRADO:<\/span><\/h3>\n<p class=\"p1\"><span class=\"s1\">\u2022 No puede sentarse solo sin el apoyo de la otra persona.<\/span><\/p>\n<p class=\"p1\"><span class=\"s1\">\u2022 Necesita apoyo externo para cada movimiento.<\/span><\/p>\n<h3 class=\"p1\"><span class=\"s1\">2 GRADOS:<\/span><\/h3>\n<ul>\n<li class=\"p1\"><span class=\"s1\">Puede sentarse solo con la ayuda de brazos y manos, manteniendo los codos rectos.<\/span><\/li>\n<li class=\"p1\">No puede levantar los brazos<\/li>\n<li class=\"p1\">Un ayudante deber\u00eda estar siempre con \u00e9l.<\/li>\n<\/ul>\n<h3 class=\"p1\"><span class=\"s1\">GRADO 3:<\/span><\/h3>\n<ul>\n<li class=\"p1\"><span class=\"s1\">Solo puede levantar un brazo por debajo del nivel de los hombros.<\/span><\/li>\n<li class=\"p1\">No puede levantar el otro brazo, solo puede apoyarse en \u00e9l.<\/li>\n<li class=\"p1\">Un ayudante deber\u00eda estar siempre con \u00e9l.<\/li>\n<\/ul>\n<h3 class=\"p1\"><span class=\"s1\">GRADO 4:<\/span><\/h3>\n<ul>\n<li class=\"p1\"><span class=\"s1\">Puede levantar y doblar un brazo por encima del nivel de los hombros.<\/span><\/li>\n<li class=\"p1\">Mientras tanto, obtiene apoyo con solo sujetarlo con el otro brazo.<\/li>\n<li class=\"p1\">Puede sentarse solo sin el apoyo de sus brazos.<\/li>\n<\/ul>\n<h3 class=\"p1\"><span class=\"s1\">5 GRADOS CELCIUS:<\/span><\/h3>\n<ul>\n<li class=\"p1\"><span class=\"s1\">Puede sentarse sin apoyo desde cualquier lugar.<\/span><\/li>\n<li class=\"p1\">Puede mover ambos brazos al mismo tiempo en todas las direcciones.<\/li>\n<li class=\"p1\">Al principio, es posible que necesite ayuda de un ayudante para hacer cualquier cosa en esta posici\u00f3n.<\/li>\n<\/ul>\n<h3 class=\"p1\"><span class=\"s1\">6. GRADO:<\/span><\/h3>\n<ul>\n<li class=\"p1\"><span class=\"s1\">Puede sentarse sin ning\u00fan apoyo.<\/span><\/li>\n<li class=\"p1\">Puede lanzar y atrapar pelotas con los brazos.<\/li>\n<li class=\"p1\">No necesita ayuda.<\/li>\n<\/ul>\n<p class=\"p1\"><span class=\"s1\">\u00a0<\/span><\/p>\n<h2 class=\"p1\"><span class=\"s1\">\u00bfSe cura la m\u00e9dula espinal despu\u00e9s de una lesi\u00f3n?<\/span><\/h2>\n<p class=\"p1\"><span class=\"s1\"><strong>M\u00e9dula espinal<\/strong> zedelendikten sonra tekrar tedavi edilmez ve tekrar b\u00fcy\u00fcmez.E\u011fer omurilik &#8220;omurga \u015foku&#8221;u atlatabilirse birtak\u0131m iyile\u015fmeler olabilir. Omurga \u015foku her omurilik zedelenmesinden hemen sonra ortaya \u00e7\u0131kar, <strong>m\u00e9dula espinal<\/strong> deja de funcionar y la persona no puede moverse.<\/span><\/p>\n<p class=\"p1 translation-block\"><span class=\"s1\"> Omurga \u015foku bir ka\u00e7 saatten 6 haftaya kadar s\u00fcrebilen bir zaman dilimi s\u00fcrebilir ve bu \u015fok esnas\u0131nda omurili\u011fin ne derece zedelendi\u011fini saptamak zordur. E\u011fer omurili\u011fin \u015fi\u015fme, kanama, \u00e7\u00fcr\u00fcmesi biterse birtak\u0131m iyile\u015fmeler olabilir fakat iyile\u015fme genelde <strong>omurilik<\/strong> zedelenmesinin ilk 6 ayl\u0131k s\u00fcresi i\u00e7erisinde ger\u00e7ekle\u015fir. <\/span><\/p>\n<p class=\"p1 translation-block\"><span class=\"s1\"><strong>Omurilik<\/strong> tamamen zedelenmediyse, ki\u015fi zedelenme tarihinden 2 y\u0131l sonras\u0131na kadar iyile\u015fme belirtileri g\u00f6sterebilir fakat aradan ne kadar \u00e7ok zaman ge\u00e7erse, iyile\u015fme \u015fans\u0131 o kadar azal\u0131r. E\u011fer <strong>omurilik<\/strong> bir hastal\u0131k ve ya t\u00fcm\u00f6r sebebiyle zedelenmi\u015fse, tamamen iyile\u015fme ihtimali mevcuttur.<\/span><\/p>\n<h2 style=\"text-align: justify;\">Par\u00e1lisis de la paraplej\u00eda de la m\u00e9dula espinal \u00bfQu\u00e9 sucede despu\u00e9s de la par\u00e1lisis?<\/h2>\n<p style=\"text-align: justify;\" class=\"translation-block\"><strong>Omurilik felci<\/strong>nde genel olarak b\u00fct\u00fcn v\u00fccudun i\u015flevi kaybedilmez, darbenin al\u0131nd\u0131\u011f\u0131 noktada ortaya \u00e7\u0131kar.<\/p>\n<p style=\"text-align: justify;\">Dependiendo del nivel de la lesi\u00f3n, solo las piernas, brazos y piernas juntas o debajo del cuello pueden perder completamente su funci\u00f3n.<\/p>\n<p style=\"text-align: justify;\">Adem\u00e1s de la p\u00e9rdida de funci\u00f3n en el cuerpo, pueden surgir varios problemas que lo acompa\u00f1an en el cuerpo debido a la inactividad.<\/p>\n<p style=\"text-align: justify;\" class=\"translation-block\">Bunlar ba\u011f\u0131rsak problemleri, uzun s\u00fcre <a href=\"http:\/\/eksensaglik.com\/es\/yatalak-hasta-bakimi-ve-tedavisi\/\" target=\"_self\"><strong>yatmaya ba\u011fl\u0131 yatak yaralar\u0131<\/strong><\/a>, eklem donmalar\u0131 (kontrakt\u00fcr), kas sertlikleri (spastisite), a\u011fr\u0131lar, dola\u015f\u0131m bozukluklar\u0131, tansiyon problemleri olarak s\u0131ralanabilir.<\/p>\n<h2 style=\"text-align: justify;\">\u00bfC\u00f3mo tratar la par\u00e1lisis de la paraplejia?<\/h2>\n<p style=\"text-align: justify;\" class=\"translation-block\"><strong>Omurilik felci<\/strong> tedavisinde erken d\u00f6nemde hayati fonksiyonlar stabil hale geldikten sonra tansiyon d\u00fc\u015f\u00fckl\u00fc\u011f\u00fc, kans\u0131zl\u0131k, yetersiz oksijen durumlar\u0131 g\u00f6z \u00f6n\u00fcnde bulundurularak hemen fizik tedaviye ba\u015flan\u0131r.<\/p>\n<p style=\"text-align: justify;\" class=\"translation-block\">Felcin ger\u00e7ekle\u015fti\u011fi b\u00f6lge, felcin seviyesi, hastan\u0131n ya\u015f\u0131, genel sa\u011fl\u0131k durumunun hepsi dikkate al\u0131narak ki\u015fiye \u00f6zel <a href=\"http:\/\/eksensaglik.com\/es\/yatili-fizik-tedavi-merkezi\/\" target=\"_blank\" rel=\"noopener noreferrer\"><strong>fizik tedavi<\/strong><\/a> plan\u0131 doktor muayenesinden sonra haz\u0131rlan\u0131p, <strong>fizyoterapistler<\/strong> taraf\u0131ndan uygulan\u0131r.<\/p>\n<h2 style=\"text-align: justify;\">\u00bfCu\u00e1les son los factores que afectan el \u00e9xito de la fisioterapia?<\/h2>\n<p style=\"text-align: justify;\" class=\"translation-block\">Do\u011fru bir <strong>fizik tedavi ve rehabilitasyon<\/strong> program\u0131n\u0131n yan\u0131 s\u0131ra ba\u015far\u0131y\u0131 etkileyen \u00e7e\u015fitli fakt\u00f6rler vard\u0131r. Bunlar;<\/p>\n<ul>\n<li style=\"text-align: justify;\">Nivel de lesi\u00f3n<\/li>\n<li style=\"text-align: justify;\">\u00bfLa lesi\u00f3n es parcial o completa?<\/li>\n<li style=\"text-align: justify;\">Otros problemas m\u00e9dicos que lo acompa\u00f1an<\/li>\n<li style=\"text-align: justify;\" class=\"translation-block\">Hastan\u0131n <strong>fizik tedavi<\/strong>ye kat\u0131l\u0131m\u0131<\/li>\n<li style=\"text-align: justify;\">Apoyo de familiares<\/li>\n<\/ul>\n<h2 style=\"text-align: justify;\">\u00bfQu\u00e9 incluye el programa de fisioterapia y rehabilitaci\u00f3n para pacientes hospitalizados?<\/h2>\n<p style=\"text-align: justify;\">En primer lugar, el paciente debe colocarse en la posici\u00f3n de cama adecuada y debe girarse cada 2 horas para evitar la formaci\u00f3n de heridas.<\/p>\n<p style=\"text-align: justify;\">Los ejercicios articulares pasivos y activos, los ejercicios de estiramiento, los ejercicios de fortalecimiento, los estudios en la cama deben iniciarse en el per\u00edodo temprano.<\/p>\n<p style=\"text-align: justify;\">Los estudios de la tabla de inclinaci\u00f3n gradual son muy importantes para la presi\u00f3n arterial baja, la carga y la preparaci\u00f3n para ponerse de pie.<\/p>\n<p style=\"text-align: justify;\" class=\"translation-block\"><strong>Omurilik parapleji fel\u00e7li<\/strong> hastan\u0131n yataktan tekerlekli sandalyeye veya herhangi ba\u015fka bir yere ge\u00e7i\u015flerinde ba\u011f\u0131ms\u0131zl\u0131k kazanmas\u0131 hedeflenir.<\/p>\n<p style=\"text-align: justify;\" class=\"translation-block\">Bu profesyonel bir transfer e\u011fitimi ile hastaya kazand\u0131r\u0131l\u0131r. Yine aya\u011fa kald\u0131rma, y\u00fcr\u00fcme e\u011fitimleri i\u00e7in \u00e7e\u015fitli<a href=\"http:\/\/eksensaglik.com\/es\/fizik-tedavi-ve-rehabilitasyon\/\" target=\"_self\"><strong> fizik tedavi ve rehabilitasyon<\/strong><\/a> teknikleri kullan\u0131larak \u00e7al\u0131\u015fmalar yap\u0131lmaktad\u0131r.<\/p>\n<p style=\"text-align: justify;\" class=\"translation-block\">Bunlar\u0131n d\u0131\u015f\u0131nda ba\u011f\u0131rsak ve mesane rehabilitasyonu da <strong>omurilik parapleji fel\u00e7li<\/strong> hasta i\u00e7in b\u00fcy\u00fck \u00f6nem arz etmektedir.<\/p>\n<p style=\"text-align: justify;\" class=\"translation-block\"><strong>Yat\u0131l\u0131 fizik tedavi<\/strong> ve rehabilitasyon seans \u00fccretleri hastan\u0131n kurumumuzda ald\u0131\u011f\u0131 seans ve bak\u0131m hizmetine g\u00f6re de\u011fi\u015fmektedir. Kurumumuzda odalar\u0131m\u0131z tek yatakl\u0131, \u00e7ift, \u00fc\u00e7 ve d\u00f6rt yatakl\u0131 olarak de\u011fi\u015fmektedir. Oda fiyatlar\u0131n\u0131 bizimle <a href=\"http:\/\/eksensaglik.com\/es\/iletisim\/\" target=\"_blank\" rel=\"noopener noreferrer\">ileti\u015fim<\/a> kurarak alabilirsiniz. Kurumumuzun \u015fartlar\u0131 ile alakal\u0131 <a href=\"http:\/\/eksensaglik.com\/es\/fotograf-galerisi\/\" target=\"_blank\" rel=\"noopener noreferrer\">Galeriyi gezebilirsiniz<\/a>.<\/p>\n<p style=\"text-align: justify;\" class=\"translation-block\"><strong>Eksen Sa\u011fl\u0131k Yat\u0131l\u0131 fizik tedavi ve rehabilitasyon merkezi<\/strong>mizin SGK ile anla\u015fmas\u0131 bulunmamaktad\u0131r. \u00dccretler ile alakal\u0131 yine bizleri <a href=\"http:\/\/eksensaglik.com\/es\/iletisim\/\" target=\"_blank\" rel=\"noopener noreferrer\">arayabilirsiniz<\/a>.<br>\r\nSa\u011fl\u0131kl\u0131 g\u00fcnler dileriz.<\/p>\n<p>Te deseamos un d\u00eda saludable.<\/p>\n<p class=\"translation-block\"><a href=\"https:\/\/youtube.com\/eksensaglik\" target=\"_blank\" rel=\"noopener\">Youtube<\/a> videolar\u0131m\u0131za g\u00f6z atabilirsiniz..<\/p>\n<p>&nbsp;<\/p>\n<p><span style=\"font-size: 14pt;\"><a href=\"http:\/\/eksensaglik.com\/es\/iletisim\/\"><span style=\"background-color: #000080; color: #ffffff;\"><strong>INFORMACI\u00d3N DE CONTACTO<\/strong><\/span><\/a><\/span><\/p>","protected":false},"excerpt":{"rendered":"<p>Omurilik Parapleji Felci Nedir? Omurilik (Parapleji) Felci; y\u00fcksekten d\u00fc\u015fme, ate\u015fli silah yaralanmalar\u0131, omurili\u011fe \u015fiddetli darbe veya trafik kazalar\u0131 sonras\u0131 omurili\u011fin yaralanmas\u0131 sonucunda ortaya \u00e7\u0131kan bir durumdur. Ayr\u0131ca enfeksiyonlar ve t\u00fcm\u00f6rler, damarsal bozukluklar gibi sebepler de omurilikte lezyon yapabilirler. Bu nedenle omurilik felci olduk\u00e7a s\u0131k bir \u015fekilde g\u00f6r\u00fclmektedir. Beraberinde getirdi\u011fi fiziksel, psikolojik ve ekonomik sorunlar ile &hellip; <\/p>\n<p class=\"link-more\"><a href=\"https:\/\/eksensaglik.com\/es\/omurilik-parapleji-felci\/\" class=\"more-link\">Continuar leyendo<span class=\"screen-reader-text\"> &#8220;Omurilik Parapleji Felci Nedir? #video&#8221;<\/span><\/a><\/p>","protected":false},"author":1,"featured_media":1570,"comment_status":"open","ping_status":"closed","sticky":false,"template":"","format":"standard","meta":{"jetpack_post_was_ever_published":false,"_jetpack_newsletter_access":"","_jetpack_dont_email_post_to_subs":false,"_jetpack_newsletter_tier_id":0,"_jetpack_memberships_contains_paywalled_content":false,"_jetpack_memberships_contains_paid_content":false,"footnotes":""},"categories":[217,397,65],"tags":[242,54,324,272,319,13,56,326,321,241,322,323,327,224,115,320,276,325,313],"class_list":["post-1555","post","type-post","status-publish","format-standard","has-post-thumbnail","hentry","category-fizik-tedavi-ve-rehabilitasyon","category-norolojik-rehabilitasyon","category-yazilar","tag-atasehir","tag-bakimevi","tag-bakimi","tag-felc","tag-fizik","tag-hasta","tag-istanbul","tag-konaklamali","tag-merkezi","tag-merkezleri","tag-nasil","tag-nedir","tag-omurga","tag-omurilik-parapleji-felci","tag-rehabilitasyon","tag-tedavi","tag-tedavisi","tag-yatarak","tag-yatili"],"jetpack_featured_media_url":"https:\/\/eksensaglik.com\/wp-content\/uploads\/2017\/05\/Eksen-saglik-yatili-fizik-tedavi-merkezi-omurilik-felci-parapleji-e1496144642899.jpg","jetpack_sharing_enabled":true,"_links":{"self":[{"href":"https:\/\/eksensaglik.com\/es\/wp-json\/wp\/v2\/posts\/1555","targetHints":{"allow":["GET"]}}],"collection":[{"href":"https:\/\/eksensaglik.com\/es\/wp-json\/wp\/v2\/posts"}],"about":[{"href":"https:\/\/eksensaglik.com\/es\/wp-json\/wp\/v2\/types\/post"}],"author":[{"embeddable":true,"href":"https:\/\/eksensaglik.com\/es\/wp-json\/wp\/v2\/users\/1"}],"replies":[{"embeddable":true,"href":"https:\/\/eksensaglik.com\/es\/wp-json\/wp\/v2\/comments?post=1555"}],"version-history":[{"count":1,"href":"https:\/\/eksensaglik.com\/es\/wp-json\/wp\/v2\/posts\/1555\/revisions"}],"predecessor-version":[{"id":9641,"href":"https:\/\/eksensaglik.com\/es\/wp-json\/wp\/v2\/posts\/1555\/revisions\/9641"}],"wp:featuredmedia":[{"embeddable":true,"href":"https:\/\/eksensaglik.com\/es\/wp-json\/wp\/v2\/media\/1570"}],"wp:attachment":[{"href":"https:\/\/eksensaglik.com\/es\/wp-json\/wp\/v2\/media?parent=1555"}],"wp:term":[{"taxonomy":"category","embeddable":true,"href":"https:\/\/eksensaglik.com\/es\/wp-json\/wp\/v2\/categories?post=1555"},{"taxonomy":"post_tag","embeddable":true,"href":"https:\/\/eksensaglik.com\/es\/wp-json\/wp\/v2\/tags?post=1555"}],"curies":[{"name":"wp","href":"https:\/\/api.w.org\/{rel}","templated":true}]}}