{"id":1600,"date":"2017-06-09T16:57:51","date_gmt":"2017-06-09T13:57:51","guid":{"rendered":"http:\/\/eksensaglik.com\/?p=1600"},"modified":"2023-06-24T06:38:39","modified_gmt":"2023-06-24T06:38:39","slug":"kismi-felc-tedavisi","status":"publish","type":"post","link":"https:\/\/eksensaglik.com\/de\/kismi-felc-tedavisi\/","title":{"rendered":"Partieller Schlaganfall und Behandlung"},"content":{"rendered":"<h2 style=\"text-align: justify;\">Was ist ein partieller Schlaganfall? Wie behandelt man einen partiellen Schlaganfall?<\/h2>\n<p><iframe title=\"Station\u00e4res Physiotherapie- und Rehabilitationszentrum nach rechtsseitiger Teill\u00e4hmung (Schlaganfall)\" width=\"525\" height=\"295\" src=\"https:\/\/www.youtube.com\/embed\/t3PGMWHhJ9s?feature=oembed\" frameborder=\"0\" allow=\"accelerometer; autoplay; clipboard-write; encrypted-media; gyroscope; picture-in-picture; web-share\" referrerpolicy=\"strict-origin-when-cross-origin\" allowfullscreen><\/iframe><\/p>\n<p>&nbsp;<\/p>\n<p><iframe title=\"Station\u00e4re Physiotherapie nach linksseitiger partieller L\u00e4hmung - Eksen Health Care\" width=\"525\" height=\"295\" src=\"https:\/\/www.youtube.com\/embed\/pszYmohG-ME?feature=oembed\" frameborder=\"0\" allow=\"accelerometer; autoplay; clipboard-write; encrypted-media; gyroscope; picture-in-picture; web-share\" referrerpolicy=\"strict-origin-when-cross-origin\" allowfullscreen><\/iframe><\/p>\n<p style=\"text-align: justify;\" class=\"translation-block\"><strong>K\u0131smi Fel\u00e7<\/strong> Beyin damarlar\u0131n\u0131n kanamas\u0131 veya t\u0131kanmas\u0131 sonucu geli\u015fen felci ifade etmek i\u00e7in kullan\u0131l\u0131r. K\u0131smi fel\u00e7 tabiri genelde halk aras\u0131nda hafif ge\u00e7irilen fel\u00e7 anlam\u0131nda da kullan\u0131lmaktad\u0131r<\/p>\n<p style=\"text-align: justify;\" class=\"translation-block\">T\u0131pta \u2018<strong>hemipleji<\/strong>\u2019 ad\u0131 verilir. Benzer tan\u0131mlar ise \u201c<strong>inme, serebrovask\u00fcler hastal\u0131k, stroke<\/strong>\u201d gibi kelimelerdir.<\/p>\n<p style=\"text-align: justify;\" class=\"translation-block\">Beyin damarlar\u0131n\u0131n kanamas\u0131, t\u0131kanmas\u0131 sonucu beyne giden kan ak\u0131m\u0131n\u0131n yava\u015flamas\u0131 veya kesilmesi ile olu\u015fan kuvvetsizlik (<strong>kas sinir kontrol kayb\u0131<\/strong>), <strong>his bozuklu\u011fu<\/strong>, bili\u015fsel (kognitif) fonksiyon kay\u0131plar\u0131ndan; komaya kadar ula\u015fan klinik tablolar ile belirli bir hastal\u0131kt\u0131r.<\/p>\n<h2 class=\"p2\"><span class=\"s1\">Was ist die Wiederherstellungszeit nach einem partiellen Schlaganfall?<\/span><\/h2>\n<p class=\"p2 translation-block\"><span class=\"s1\">Hasta ve hasta yak\u0131nlar\u0131n\u0131n en \u00e7ok merak etti\u011fi ve s\u00fcrekli sorulan sorular\u0131n ba\u015f\u0131nda k\u0131smi fel\u00e7 hastas\u0131n\u0131n ne kadar s\u00fcrede iyile\u015fece\u011fidir. Damar t\u0131kan\u0131kl\u0131\u011f\u0131na ba\u011fl\u0131 t\u00fcm inmelerin \u00fc\u00e7te ikisi k\u0131smi felce yol a\u00e7ar. <strong>Fel\u00e7<\/strong> ge\u00e7irdi\u011finizde, <strong>beyin<\/strong> h\u00fccrelerinin bir k\u0131sm\u0131 zedelenir. Bundan <\/span><span class=\"s1\">dolay\u0131 eskiden yapabildi\u011finiz fonksiyonlar\u0131 yerine getirmede g\u00fc\u00e7l\u00fck <\/span><span class=\"s1\">ya\u015fars\u0131n\u0131z. <\/span><\/p>\n<p class=\"p2 translation-block\"><span class=\"s1\">Bu h\u00fccrelerin yeniden canlanabilmesini sa\u011flamak yani <\/span><span class=\"s1\">iyile\u015fmek i\u00e7in rehabilitasyon \u015fartt\u0131r. Hastalar t\u0131pk\u0131 bir bebek gibi <\/span><span class=\"s1\">y\u00fcr\u00fcmeyi, kollar\u0131n\u0131 hareket ettirmeyi yeniden \u00f6\u011frenme \u00f6\u011freneceklerdir. <\/span><span class=\"s1\">Bu yeniden \u00f6\u011frenme s\u00fcrecinde profesyonel bir destek ile rehabilitasyon <\/span><span class=\"s1\">uygulanmaz ise yanl\u0131\u015f hareket \u015fekilleri geli\u015fir, \u00f6rne\u011fin hasta y\u00fcr\u00fcse bile <\/span><span class=\"s1\">\u00e7ok bozuk bir \u015fekilde aksayarak y\u00fcr\u00fcr. <strong>Rehabilitasyon<\/strong> bu hastalar da <\/span><span class=\"s1\">ya\u015fam\u0131n birer par\u00e7as\u0131 olmak zorundad\u0131r.<\/span><\/p>\n<p class=\"p2\"><span class=\"s1\">Bei Schlaganf\u00e4llen durch Gef\u00e4\u00dfverschluss oder Gerinnung des Gehirns <\/span><span class=\"s1\">rehabilitasyon s\u00fcreci 6. aya kadar s\u00fcrebilir. T\u00fcm inmelerin %15-20\u2019sini <\/span><span class=\"s1\">Bestandteil <strong>Gehirnblutungen<\/strong> auf der anderen Seite heilt es normalerweise schneller, es dauert etwa 3 Monate. <\/span><span class=\"s1\">die Erholung kann mit der Zeit erfolgen. <strong>Gehirn<\/strong> Verbesserung der Stammh\u00fcbe <\/span><span class=\"s1\">1 Jahr oder l\u00e4nger kann erforderlich sein. Nat\u00fcrlich diese Zeiten <\/span><span class=\"s1\">sind Durchschnittswerte; Erholungszeit einer bestimmten Person <\/span><span class=\"s1\">kann nicht bekannt sein. Intensiv und gut geplant auch Jahre nach Schlaganfall <\/span><span class=\"s1\">Durch Rehabilitation k\u00f6nnen neue Verbesserungen erzielt werden.<\/span><\/p>\n<p class=\"p2 translation-block\"><span class=\"s1\">\u0130yile\u015fme s\u00fcrecini izlemeyi kolayla\u015ft\u0131ran bir y\u00f6ntem hasta ve hasta <\/span><span class=\"s1\">yak\u0131nlar\u0131n\u0131n inmenin yol a\u00e7t\u0131\u011f\u0131 g\u00fc\u00e7l\u00fckler hakk\u0131nda a\u00e7\u0131k s\u00f6zl\u00fc olmas\u0131d\u0131r. <\/span><span class=\"s1\">B\u00f6ylece iyile\u015fme i\u00e7in ger\u00e7ek\u00e7i hedefler daha rahat ortaya konulur. <\/span><span class=\"s1\">Ba\u015flang\u0131\u00e7taki g\u00fc\u00e7l\u00fckler tam olarak bilindi\u011finde rehabilitasyon d\u00f6nemi <\/span><span class=\"s1\">boyunca elde edilen faydalar\u0131n izlenmesi kolayla\u015f\u0131r. Bu arada \u00e7ok \u00f6nemli bir konu da \u015fudur: <\/span>Her inme veya fel\u00e7 hastas\u0131 kendine has olsa da k\u0131smi felcin atlat\u0131lmas\u0131 ve iyile\u015fme s\u00fcrecinde baz\u0131 ortak \u00f6zellikler g\u00f6r\u00fclebilir.<\/p>\n<h2 style=\"text-align: justify;\">Was sind die gest\u00f6rten Funktionen nach einer partiellen L\u00e4hmung?<\/h2>\n<p style=\"text-align: justify;\">Wenn von L\u00e4hmungen die Rede ist, sind Schw\u00e4che in Armen und Beinen, Symmetriest\u00f6rungen im Gesicht und Sprachprobleme die ersten Erkenntnisse, die uns in unserem Land in den Sinn kommen.<\/p>\n<p style=\"text-align: justify;\" class=\"translation-block\">Kaslarda kat\u0131l\u0131k (spastisite), <strong>a\u011fr\u0131l\u0131 kas spazmlar\u0131<\/strong>, beynin etkilenen taraf\u0131n\u0131n kar\u015f\u0131 v\u00fccut yar\u0131s\u0131nda g\u00fc\u00e7s\u00fczl\u00fck, konu\u015fma ve yaz\u0131 yazmada bozukluk(afazi),<\/p>\n<p style=\"text-align: justify;\">das richtige Wort zu kennen, aber nicht das gew\u00fcnschte Wort zu sprechen, die geduldige K\u00f6rperseite zu vernachl\u00e4ssigen, Probleme zu schlucken,<\/p>\n<p style=\"text-align: justify;\" class=\"translation-block\"><strong>depresyon<\/strong>, duygu kontrol bozukluklar\u0131 (emosyonel problemler), yorgunluk, his kay\u0131plar\u0131, haf\u0131za-\u00f6\u011frenme-d\u00fc\u015f\u00fcnme problemleri, <strong>dikkat da\u011f\u0131n\u0131kl\u0131klar\u0131<\/strong> gibi ba\u015fka problemler de g\u00f6r\u00fclmektedir.<\/p>\n<p style=\"text-align: justify;\">Abh\u00e4ngig von der Schwere der Blutung oder Obstruktion, dem Problembereich des Gehirns, variieren die Befunde der Person.<\/p>\n<p style=\"text-align: justify;\">Der Heilungsprozess und der Behandlungsplan variieren von Individuum zu Individuum.<\/p>\n<h2 style=\"text-align: justify;\">Was sind partielle Schlaganfallbehandlungsmethoden?<\/h2>\n<p style=\"text-align: justify;\" class=\"translation-block\">Konvansiyonel y\u00f6ntemler, <strong>n\u00f6rofizyolojik<\/strong> tedavi y\u00f6ntemleri, aktivite temelli <strong>rehabilitasyon<\/strong> uygulamalar\u0131, <strong>elektroterapi<\/strong> teknikleri ve ortezlerin kullan\u0131m\u0131 tedavi y\u00f6ntemlerinin aras\u0131ndad\u0131r. Ayr\u0131ca mesane ve ba\u011f\u0131rsak rehabilitasyonu, <strong>i\u015f-u\u011fra\u015f\u0131 terapisi<\/strong>, yutma rehabilitasyonu, <strong>a\u011fr\u0131 tedavisi<\/strong> , spastisiteye y\u00f6nelik botoks enjeksiyon i\u00e7eren tedaviler de kullan\u0131l\u0131r.<\/p>\n<p style=\"text-align: justify;\">Es ist zu beachten, dass jeder Patient anders ist. Ziel der Behandlung ist es, die Funktionen der Person so gut wie m\u00f6glich zu erf\u00fcllen.<\/p>\n<p style=\"text-align: justify;\">W\u00e4hrend der Vorbereitung des Behandlungsplans; Es ist sehr wichtig, einen Weg f\u00fcr den am meisten ben\u00f6tigten vorzubereiten, der die Aktivit\u00e4ten des t\u00e4glichen Lebens dem alten n\u00e4her bringt, f\u00fcr die soziokulturelle Struktur und die Funktionalit\u00e4t, die seinen eigenen W\u00fcnschen entspricht.<\/p>\n<p style=\"text-align: justify;\">Es ist notwendig, den K\u00f6rper und seine Aufgaben als Ganzes zusammen zu nehmen.<\/p>\n<p><a href=\"https:\/\/eksensaglik.com\/de\/kismi-felc-neden-olur\/\">K\u0131smi fel\u00e7<\/a> tedavisi i\u00e7in istanbul anadolu yakas\u0131 Ata\u015fehir&#8217;de bulunan, Eksen Sa\u011fl\u0131k, Bak\u0131m Fizik Tedavi ve Rehabilitasyon \u00a0merkezimizde prof. doktorlar y\u00f6netiminde uzman fizyoterapistlerce uygulanan program ve tedavi imkanlar\u0131 mevcuttur. Merkezimizde fel\u00e7 ge\u00e7irmi\u015f hastalar i\u00e7in 7 \/ 24 hem\u015fire ve bak\u0131m hizmetimiz bulunmaktad\u0131r. Her biri kendi alan\u0131nda uzman bak\u0131c\u0131lar hastalar\u0131n t\u00fcm bak\u0131m hizmetlerini yapmaktad\u0131rlar. Bak\u0131c\u0131 veya refakat\u00e7iye ihitya\u00e7 duymadan hizmetler y\u00fcr\u00fct\u00fclmektedir. Ate\u015f, Nab\u0131z, \u0130la\u00e7 kontrol\u00fc ve ani m\u00fcdahaleler i\u00e7in yine 7 \/ 24 hem\u015fire bulunmaktad\u0131r.<\/p>\n<p class=\"translation-block\">\u0130leti\u015fim i\u00e7in <a href=\"tel:0 216 518 0 518?trp-edit-translation=preview\" target=\"_self\">0 216 518 0 518<\/a> numaradan ula\u015fabilir veya <strong><a href=\"http:\/\/eksensaglik.com\/de\/iletisim\/\" target=\"_blank\" rel=\"noopener noreferrer\">\u0130leti\u015fim<\/a><\/strong> men\u00fcs\u00fcnden di\u011fer ileti\u015fim bilgilerine ula\u015fabilirsiniz.<\/p>\n<p class=\"translation-block\"><a href=\"https:\/\/www.youtube.com\/eksensaglik\" target=\"_blank\" rel=\"noopener\">Youtube videolar\u0131m\u0131za<\/a> ve hastalarla yapt\u0131\u011f\u0131m\u0131z r\u00f6portajlara g\u00f6z atabilirsiniz.<\/p>\n<p>Sa\u011fl\u0131kl\u0131 G\u00fcnler Dileriz&#8230;<\/p>\n<div id='gallery-1' class='gallery galleryid-1600 gallery-columns-3 gallery-size-thumbnail'><figure class='gallery-item'>\n\t\t\t<div class='gallery-icon landscape'>\n\t\t\t\t<a href=\"https:\/\/eksensaglik.com\/de\/s-fizik-tedavi-eksen-saglik-bakimevi-fizik-tedavi-rehabilitasyon-atasehir\/\"><img decoding=\"async\" width=\"150\" height=\"150\" src=\"https:\/\/eksensaglik.com\/wp-content\/uploads\/2017\/03\/S-fizik-tedavi-eksen-saglik-bakimevi-fizik-tedavi-rehabilitasyon-atasehir-150x150.jpg\" class=\"attachment-thumbnail size-thumbnail\" alt=\"Eksen inme tedavi merkezi\" aria-describedby=\"gallery-1-753\" sizes=\"100vw\" title=\"\"><\/a>\n\t\t\t<\/div>\n\t\t\t\t<figcaption class='wp-caption-text gallery-caption' id='gallery-1-753'>\n\t\t\t\tAchse <a href=\"https:\/\/eksensaglik.com\/de\/hizmetlerimiz\/felc-inme-hemipleji-tedavisi\/\">Schlaganfall<\/a> tedavi merkezi\n\t\t\t\t<\/figcaption><\/figure><figure class='gallery-item'>\n\t\t\t<div class='gallery-icon landscape'>\n\t\t\t\t<a href=\"https:\/\/eksensaglik.com\/de\/eksen-saglik-bakimevi-fizik-tedavi-rehabilitasyon-merkezi_7\/\"><img decoding=\"async\" width=\"150\" height=\"150\" src=\"https:\/\/eksensaglik.com\/wp-content\/uploads\/2017\/03\/eksen-saglik-bakimevi-fizik-tedavi-rehabilitasyon-merkezi_7-150x150.jpg\" class=\"attachment-thumbnail size-thumbnail\" alt=\"\" sizes=\"100vw\" title=\"\"><\/a>\n\t\t\t<\/div><\/figure><figure class='gallery-item'>\n\t\t\t<div class='gallery-icon landscape'>\n\t\t\t\t<a href=\"https:\/\/eksensaglik.com\/de\/eksen-saglik-ana-merkez\/\"><img decoding=\"async\" width=\"150\" height=\"150\" src=\"https:\/\/eksensaglik.com\/wp-content\/uploads\/2017\/02\/eksen-saglik-ana-merkez-150x150.jpg\" class=\"attachment-thumbnail size-thumbnail\" alt=\"\" sizes=\"100vw\" title=\"\"><\/a>\n\t\t\t<\/div><\/figure><figure class='gallery-item'>\n\t\t\t<div class='gallery-icon landscape'>\n\t\t\t\t<a href=\"https:\/\/eksensaglik.com\/de\/16110845_1216262951743076_9031656065539768320_n\/\"><img loading=\"lazy\" decoding=\"async\" width=\"150\" height=\"150\" src=\"https:\/\/eksensaglik.com\/wp-content\/uploads\/2016\/12\/16110845_1216262951743076_9031656065539768320_n-150x150.jpg\" class=\"attachment-thumbnail size-thumbnail\" alt=\"\" aria-describedby=\"gallery-1-523\" srcset=\"https:\/\/eksensaglik.com\/wp-content\/uploads\/2016\/12\/16110845_1216262951743076_9031656065539768320_n-150x150.jpg 150w, https:\/\/eksensaglik.com\/wp-content\/uploads\/2016\/12\/16110845_1216262951743076_9031656065539768320_n-300x300.jpg 300w, https:\/\/eksensaglik.com\/wp-content\/uploads\/2016\/12\/16110845_1216262951743076_9031656065539768320_n-768x768.jpg 768w, https:\/\/eksensaglik.com\/wp-content\/uploads\/2016\/12\/16110845_1216262951743076_9031656065539768320_n-1024x1024.jpg 1024w, https:\/\/eksensaglik.com\/wp-content\/uploads\/2016\/12\/16110845_1216262951743076_9031656065539768320_n.jpg 1080w\" sizes=\"100vw\" title=\"\"><\/a>\n\t\t\t<\/div>\n\t\t\t\t<figcaption class='wp-caption-text gallery-caption' id='gallery-1-523'>\n\t\t\t\tGleichgewichts- und Koordinationsarbeit parallel mit Mehmet Bey. #eksensaglik #parkinson #physicaltreativehabilitation #physicaltreatment # pflegeheim www.eksensaglik.com 0 (216) 518 0 518\n\t\t\t\t<\/figcaption><\/figure><figure class='gallery-item'>\n\t\t\t<div class='gallery-icon landscape'>\n\t\t\t\t<a href=\"https:\/\/eksensaglik.com\/de\/16230425_1370474756306988_2379824035635658752_n\/\"><img loading=\"lazy\" decoding=\"async\" width=\"150\" height=\"150\" src=\"https:\/\/eksensaglik.com\/wp-content\/uploads\/2016\/12\/16230425_1370474756306988_2379824035635658752_n-150x150.jpg\" class=\"attachment-thumbnail size-thumbnail\" alt=\"\" aria-describedby=\"gallery-1-475\" srcset=\"https:\/\/eksensaglik.com\/wp-content\/uploads\/2016\/12\/16230425_1370474756306988_2379824035635658752_n-150x150.jpg 150w, https:\/\/eksensaglik.com\/wp-content\/uploads\/2016\/12\/16230425_1370474756306988_2379824035635658752_n-300x300.jpg 300w, https:\/\/eksensaglik.com\/wp-content\/uploads\/2016\/12\/16230425_1370474756306988_2379824035635658752_n-768x768.jpg 768w, https:\/\/eksensaglik.com\/wp-content\/uploads\/2016\/12\/16230425_1370474756306988_2379824035635658752_n-1024x1024.jpg 1024w, https:\/\/eksensaglik.com\/wp-content\/uploads\/2016\/12\/16230425_1370474756306988_2379824035635658752_n.jpg 1080w\" sizes=\"100vw\" title=\"\"><\/a>\n\t\t\t<\/div>\n\t\t\t\t<figcaption class='wp-caption-text gallery-caption' id='gallery-1-475'>\n\t\t\t\t#Paraplegie- \/ R\u00fcckenmarksl\u00e4hmungspatient Mesut bey bei Geh\u00fcbungen mit Geh- und Hilfsger\u00e4ten. #physicaltreatment #physicaltreatment #physicaltreatmenthabilitation 0 (216) 518 0 518\n\t\t\t\t<\/figcaption><\/figure><figure class='gallery-item'>\n\t\t\t<div class='gallery-icon landscape'>\n\t\t\t\t<a href=\"https:\/\/eksensaglik.com\/de\/eksen-saglik-bakimevi-fizik-tedavi-rehabilitasyon-merkezi-atasehir_15\/\"><img loading=\"lazy\" decoding=\"async\" width=\"150\" height=\"150\" src=\"https:\/\/eksensaglik.com\/wp-content\/uploads\/2017\/01\/eksen-saglik-bakimevi-fizik-tedavi-rehabilitasyon-merkezi-atasehir_15-150x150.jpg\" class=\"attachment-thumbnail size-thumbnail\" alt=\"En \u0130yi Yat\u0131l\u0131 Fizik Tedavi ve Rehabilitasyon Merkezi\" aria-describedby=\"gallery-1-377\" sizes=\"100vw\" title=\"\"><\/a>\n\t\t\t<\/div>\n\t\t\t\t<figcaption class='wp-caption-text gallery-caption' id='gallery-1-377'>\n\t\t\t\tEn \u0130yi <a href=\"https:\/\/eksensaglik.com\/de\/yatarak-fizik-tedavi-ve-rehabilitasyon-hizmeti\/\">Station\u00e4re Physiotherapie<\/a> ve Rehabilitasyon Merkezi\n\t\t\t\t<\/figcaption><\/figure><figure class='gallery-item'>\n\t\t\t<div class='gallery-icon landscape'>\n\t\t\t\t<a href=\"https:\/\/eksensaglik.com\/de\/eksen-saglik-bakimevi-fizik-tedavi-rehabilitasyon-merkezi-atasehir_11\/\"><img loading=\"lazy\" decoding=\"async\" width=\"150\" height=\"150\" src=\"https:\/\/eksensaglik.com\/wp-content\/uploads\/2017\/01\/eksen-saglik-bakimevi-fizik-tedavi-rehabilitasyon-merkezi-atasehir_11-150x150.jpg\" class=\"attachment-thumbnail size-thumbnail\" alt=\"\" sizes=\"100vw\" title=\"\"><\/a>\n\t\t\t<\/div><\/figure>\n\t\t<\/div>","protected":false},"excerpt":{"rendered":"<p>K\u0131smi Fel\u00e7 Nedir? K\u0131smi Fel\u00e7 Tedavisi Nas\u0131l Olur? &nbsp; K\u0131smi Fel\u00e7 Beyin damarlar\u0131n\u0131n kanamas\u0131 veya t\u0131kanmas\u0131 sonucu geli\u015fen felci ifade etmek i\u00e7in kullan\u0131l\u0131r. K\u0131smi fel\u00e7 tabiri genelde halk aras\u0131nda hafif ge\u00e7irilen fel\u00e7 anlam\u0131nda da kullan\u0131lmaktad\u0131r T\u0131pta \u2018hemipleji\u2019 ad\u0131 verilir. Benzer tan\u0131mlar ise \u201cinme, serebrovask\u00fcler hastal\u0131k, stroke\u201d gibi kelimelerdir. Beyin damarlar\u0131n\u0131n kanamas\u0131, t\u0131kanmas\u0131 sonucu beyne giden &hellip; <\/p>\n<p class=\"link-more\"><a href=\"https:\/\/eksensaglik.com\/de\/kismi-felc-tedavisi\/\" class=\"more-link\"><span class=\"screen-reader-text\">\u201eK\u0131smi Fel\u00e7 ve Tedavisi\u201c <\/span>weiterlesen<\/a><\/p>","protected":false},"author":1,"featured_media":1601,"comment_status":"open","ping_status":"closed","sticky":false,"template":"","format":"standard","meta":{"jetpack_post_was_ever_published":false,"_jetpack_newsletter_access":"","_jetpack_dont_email_post_to_subs":false,"_jetpack_newsletter_tier_id":0,"_jetpack_memberships_contains_paywalled_content":false,"_jetpack_memberships_contains_paid_content":false,"footnotes":""},"categories":[217,397,65],"tags":[20,226,228],"class_list":["post-1600","post","type-post","status-publish","format-standard","has-post-thumbnail","hentry","category-fizik-tedavi-ve-rehabilitasyon","category-norolojik-rehabilitasyon","category-yazilar","tag-hemipleji","tag-hemipleji-tedavisi","tag-kismi-felc"],"jetpack_featured_media_url":"https:\/\/eksensaglik.com\/wp-content\/uploads\/2017\/06\/kismi-felc-tedavisi-Eksen-saglik-yatili-fizik-tedavi-merkezi.jpg","jetpack_sharing_enabled":true,"_links":{"self":[{"href":"https:\/\/eksensaglik.com\/de\/wp-json\/wp\/v2\/posts\/1600","targetHints":{"allow":["GET"]}}],"collection":[{"href":"https:\/\/eksensaglik.com\/de\/wp-json\/wp\/v2\/posts"}],"about":[{"href":"https:\/\/eksensaglik.com\/de\/wp-json\/wp\/v2\/types\/post"}],"author":[{"embeddable":true,"href":"https:\/\/eksensaglik.com\/de\/wp-json\/wp\/v2\/users\/1"}],"replies":[{"embeddable":true,"href":"https:\/\/eksensaglik.com\/de\/wp-json\/wp\/v2\/comments?post=1600"}],"version-history":[{"count":1,"href":"https:\/\/eksensaglik.com\/de\/wp-json\/wp\/v2\/posts\/1600\/revisions"}],"predecessor-version":[{"id":9637,"href":"https:\/\/eksensaglik.com\/de\/wp-json\/wp\/v2\/posts\/1600\/revisions\/9637"}],"wp:featuredmedia":[{"embeddable":true,"href":"https:\/\/eksensaglik.com\/de\/wp-json\/wp\/v2\/media\/1601"}],"wp:attachment":[{"href":"https:\/\/eksensaglik.com\/de\/wp-json\/wp\/v2\/media?parent=1600"}],"wp:term":[{"taxonomy":"category","embeddable":true,"href":"https:\/\/eksensaglik.com\/de\/wp-json\/wp\/v2\/categories?post=1600"},{"taxonomy":"post_tag","embeddable":true,"href":"https:\/\/eksensaglik.com\/de\/wp-json\/wp\/v2\/tags?post=1600"}],"curies":[{"name":"wp","href":"https:\/\/api.w.org\/{rel}","templated":true}]}}